{"id":8576,"date":"2025-06-18T12:31:05","date_gmt":"2025-06-18T10:31:05","guid":{"rendered":"https:\/\/www.domaine-prairiesdelamer.com\/?p=8576"},"modified":"2025-06-19T09:06:24","modified_gmt":"2025-06-19T07:06:24","slug":"opening-van-de-strohut","status":"publish","type":"post","link":"https:\/\/mirabel-prairiesdelamer.com\/nl\/2025\/06\/18\/ouverture-de-la-paillote\/","title":{"rendered":"Opening van de snackbar op de camping"},"content":{"rendered":"<p class=\"has-text-align-center\">De snackbar van de camping, La Paillote, gaat in juni weer open. Aperitief, lunch, diner, thema-avonden, snacks... Dit is wat je dit seizoen te wachten staat bij Bruno en zijn team!<\/p>\n\n\n\n<div class=\"wp-block-media-text alignwide is-stacked-on-mobile is-image-fill-element texte=rond\"><figure class=\"wp-block-media-text__media\"><img decoding=\"async\" src=\"https:\/\/mirabel-prairiesdelamer.com\/wp-content\/uploads\/2025\/06\/bruno-paillote-camping-684x1024.jpg\" alt=\"bruno manager paillote bar camping\" class=\"wp-image-15401 size-full\" style=\"object-position:54% 41%\"\/><\/figure><div class=\"wp-block-media-text__content\">\n<h2 class=\"wp-block-heading texte-rond has-orange-color has-text-color has-large-font-size\">Bruno neemt de leiding van de snackbar op de camping over<\/h2>\n\n\n\n<p>Deze zomer is het snackbar-restaurant van de camping in goede handen: <strong>Bruno Coudert<\/strong>, de oprichter van \u00c9picure \u00c9cole de Bar, neemt de leiding over.<\/p>\n\n\n\n<p>Hij heeft meer dan 20 jaar ervaring in de wereld van catering, professionele training en mixologie. Hij staat bekend om zijn gevoel voor welkom, zijn passie voor smaak en zijn vermogen om een gezellige sfeer te cre\u00ebren.<\/p>\n\n\n\n<p>Bij hem kun je een royale keuken, goed bereide drankjes en een feestelijk tintje verwachten dankzij zijn talent voor de<strong> huiscocktails<\/strong>. Zowel overdag als 's avonds iets voor jong en oud. <a href=\"https:\/\/mirabel-prairiesdelamer.com\/nl\/snackbar\/\" target=\"_blank\" rel=\"noreferrer noopener\">bij La Paillote.<\/a><\/p>\n\n\n\n<p>Welkom Bruno, we kunnen niet wachten om de zomer bij jou aan tafel door te brengen!<\/p>\n\n\n\n<h2 class=\"wp-block-heading\">Zomeravonden!<\/h2>\n\n\n\n<figure class=\"wp-block-image\"><img loading=\"lazy\" decoding=\"async\" width=\"51\" height=\"8\" src=\"https:\/\/www.campinglarenaudiere.com\/wp-content\/uploads\/2022\/01\/barre-orange.png\" alt=\"\" class=\"wp-image-2726\"\/><\/figure>\n\n\n\n<p>Juli en augustus, <strong>Donderdagavond<\/strong> zal doorgaan met <strong>een unieke maaltijd<\/strong> vanaf 19.00 uur en een show\/concert vanaf 21.00 uur.<br>Bruno zal binnenkort de maaltijden onthullen die hij heeft uitgekozen om deze zomer voor jullie te bereiden. Zoals altijd, vergeet niet om je tafel van tevoren te reserveren.  <\/p>\n\n\n\n<p>Volg ons voor meer informatie op <a href=\"https:\/\/www.facebook.com\/campingmirabelprairiesdelamer\">Facebook<\/a>.<\/p>\n\n\n\n<p><strong>Informatie en reserveringen: 06 59 56 69 26 of 07 88 91 77 27<\/strong><\/p>\n<\/div><\/div>\n\n\n\n<p><\/p>\n\n\n\n<p><\/p>\n\n\n\n<div class=\"wp-block-media-text has-media-on-the-right is-stacked-on-mobile\"><div class=\"wp-block-media-text__content\">\n<h2 class=\"wp-block-heading\">De bar is 's ochtends open<\/h2>\n\n\n\n<p>Er zijn een aantal data en informatie om te onthouden wanneer La Paillote dit jaar opengaat op de camping:<\/p>\n\n\n\n<h3 class=\"wp-block-heading\">Bar vanaf 16 juni<\/h3>\n\n\n\n<p>Met het zomerseizoen voor de deur is het tijd om La Paillote te heropenen! Dit jaar, <strong>de bar opent om 11 uur voor koffie<\/strong>, thee en drankjes. Geniet van een zachte start van de dag op het terras voor het zwembad. De bar is open tot 21.30 uur. Hier kun je delen <strong>charcuterie\/kaasplankjes<\/strong> of zelfs <strong>tapas voor het aperitief<\/strong>.<\/p>\n\n\n\n<p><\/p>\n\n\n\n<h3 class=\"wp-block-heading\">Snackbar op 19 juni<\/h3>\n\n\n\n<p>Op donderdag 19 juni gaat de snackbar van start met ijsjes, cr\u00eapes, wafels, frietjes, panini's... voor een snelle snack overdag, en de <strong>snack op de camping<\/strong>. Je zult het geweldig vinden!<\/p>\n\n\n\n<h3 class=\"wp-block-heading\">Restaurant op 26 juni<\/h3>\n\n\n\n<p>Op 26 juni gaat het restaurant open voor avondbediening. Het menu verandert <strong>elke dag op de lei.<\/strong> Alles is <strong>ter plaatse gekookt <\/strong>en Bruno koos<strong> lokale producten<\/strong>.<\/p>\n\n\n\n<p><strong>Kindermenu<\/strong>, keuze uit een voorgerecht (land of zee), een verscheidenheid aan gerechten zoals een <strong>selectie van vlees of vis<\/strong> van de dag, mosselen met friet of de hamburger van het moment. Er is ook een ruime keuze aan desserts, waaronder kaasplateaus, chocoladetraktaties, lichte fruitgerechten en ijs.<\/p>\n\n\n\n<p>Er is voor ieder wat wils! Dus kom naar La Paillote, Bruno en zijn team wachten op je.<\/p>\n\n\n\n<p><\/p>\n<\/div><figure class=\"wp-block-media-text__media\"><img loading=\"lazy\" decoding=\"async\" width=\"500\" height=\"599\" src=\"https:\/\/mirabel-prairiesdelamer.com\/wp-content\/uploads\/2025\/06\/bar-ouverture-paillote.jpg\" alt=\"La Paillote bar opent op camping Ouistreham\" class=\"wp-image-15397 size-full\" srcset=\"https:\/\/mirabel-prairiesdelamer.com\/wp-content\/uploads\/2025\/06\/bar-ouverture-paillote.jpg 500w, https:\/\/mirabel-prairiesdelamer.com\/wp-content\/uploads\/2025\/06\/bar-ouverture-paillote-250x300.jpg 250w\" sizes=\"auto, (max-width: 500px) 100vw, 500px\" \/><\/figure><\/div>\n\n\n\n<p><\/p>\n\n\n\n<div class=\"wp-block-group alignwide border border-info card is-layout-constrained wp-block-group-is-layout-constrained\">\n<h2 class=\"wp-block-heading has-text-align-center\">Openingstijden restaurant :<\/h2>\n\n\n\n<p class=\"has-text-align-center\">Maandag, dinsdag, woensdag 12u tot 14u, <\/p>\n\n\n\n<p class=\"has-text-align-center\">Vrijdag en zaterdag van 12 tot 14 uur en van 19 tot 21.30 uur<\/p>\n\n\n\n<p class=\"has-text-align-center\">Donderdag 18.30-9.00 uur avondentertainment<\/p>\n\n\n\n<h2 class=\"wp-block-heading has-text-align-center\">Openingstijden snackbar :<\/h2>\n\n\n\n<p class=\"has-text-align-center\">De bar is elke dag geopend van 11.00 tot 21.30 uur.<\/p>\n\n\n\n<p class=\"has-text-align-center\">De snackbar is elke dag geopend<\/p>\n\n\n\n<p class=\"has-text-align-center\">Zondag vanaf 18.00 uur: baravond! Cocktails en tapas<\/p>\n<\/div>\n\n\n\n<p><\/p>","protected":false},"excerpt":{"rendered":"<p>Le Snack Bar du camping, La Paillote, rouvre ses portes en juin. Ap\u00e9ritif du midi, d\u00e9jeuner, d\u00eener, soir\u00e9e \u00e0 th\u00e8me, [&hellip;]<\/p>\n","protected":false},"author":2,"featured_media":15397,"comment_status":"closed","ping_status":"open","sticky":false,"template":"","format":"standard","meta":{"_seopress_robots_primary_cat":"none","_seopress_titles_title":"","_seopress_titles_desc":"","_seopress_robots_index":"","footnotes":""},"categories":[1],"tags":[],"class_list":["post-8576","post","type-post","status-publish","format-standard","has-post-thumbnail","hentry","category-non-classifiee"],"_links":{"self":[{"href":"https:\/\/mirabel-prairiesdelamer.com\/nl\/wp-json\/wp\/v2\/posts\/8576","targetHints":{"allow":["GET"]}}],"collection":[{"href":"https:\/\/mirabel-prairiesdelamer.com\/nl\/wp-json\/wp\/v2\/posts"}],"about":[{"href":"https:\/\/mirabel-prairiesdelamer.com\/nl\/wp-json\/wp\/v2\/types\/post"}],"author":[{"embeddable":true,"href":"https:\/\/mirabel-prairiesdelamer.com\/nl\/wp-json\/wp\/v2\/users\/2"}],"replies":[{"embeddable":true,"href":"https:\/\/mirabel-prairiesdelamer.com\/nl\/wp-json\/wp\/v2\/comments?post=8576"}],"version-history":[{"count":18,"href":"https:\/\/mirabel-prairiesdelamer.com\/nl\/wp-json\/wp\/v2\/posts\/8576\/revisions"}],"predecessor-version":[{"id":15416,"href":"https:\/\/mirabel-prairiesdelamer.com\/nl\/wp-json\/wp\/v2\/posts\/8576\/revisions\/15416"}],"wp:featuredmedia":[{"embeddable":true,"href":"https:\/\/mirabel-prairiesdelamer.com\/nl\/wp-json\/wp\/v2\/media\/15397"}],"wp:attachment":[{"href":"https:\/\/mirabel-prairiesdelamer.com\/nl\/wp-json\/wp\/v2\/media?parent=8576"}],"wp:term":[{"taxonomy":"category","embeddable":true,"href":"https:\/\/mirabel-prairiesdelamer.com\/nl\/wp-json\/wp\/v2\/categories?post=8576"},{"taxonomy":"post_tag","embeddable":true,"href":"https:\/\/mirabel-prairiesdelamer.com\/nl\/wp-json\/wp\/v2\/tags?post=8576"}],"curies":[{"name":"wp","href":"https:\/\/api.w.org\/{rel}","templated":true}]}}