{"id":11765,"date":"2023-07-17T15:50:52","date_gmt":"2023-07-17T13:50:52","guid":{"rendered":"https:\/\/www.domaine-prairiesdelamer.com\/?p=11765"},"modified":"2023-07-17T16:26:13","modified_gmt":"2023-07-17T14:26:13","slug":"defis-mirabel-inter-camping-les-animations-mirabel-au-camping-les-prairies-de-la-mer","status":"publish","type":"post","link":"https:\/\/mirabel-prairiesdelamer.com\/nl\/2023\/07\/17\/defis-mirabel-inter-camping-les-animations-mirabel-au-camping-les-prairies-de-la-mer\/","title":{"rendered":"D\u00e9fis Mirabel inter-camping - Mirabel activiteiten op camping Les Prairies de la Mer!"},"content":{"rendered":"<h2 class=\"wp-block-heading has-text-align-center\">Gezamenlijke avonden, verkleeddagen, video uitdagingen, de zomer is levendig op al onze Mirabel campings. Kom in juli en augustus plezier maken met onze animatoren. <\/h2>\n\n\n\n<div class=\"wp-block-media-text alignwide is-stacked-on-mobile\" style=\"grid-template-columns:27% auto\"><figure class=\"wp-block-media-text__media\"><img loading=\"lazy\" decoding=\"async\" width=\"724\" height=\"1024\" src=\"https:\/\/www.mirabel-prairiesdelamer.com\/wp-content\/uploads\/2023\/07\/WEB-Journee-deguisee-26juillet-724x1024.jpg\" alt=\"verkleeddag superhelden woensdag 26 juli\" class=\"wp-image-11768 size-full\" srcset=\"https:\/\/mirabel-prairiesdelamer.com\/wp-content\/uploads\/2023\/07\/WEB-Journee-deguisee-26juillet-724x1024.jpg 724w, https:\/\/mirabel-prairiesdelamer.com\/wp-content\/uploads\/2023\/07\/WEB-Journee-deguisee-26juillet-212x300.jpg 212w, https:\/\/mirabel-prairiesdelamer.com\/wp-content\/uploads\/2023\/07\/WEB-Journee-deguisee-26juillet-768x1086.jpg 768w, https:\/\/mirabel-prairiesdelamer.com\/wp-content\/uploads\/2023\/07\/WEB-Journee-deguisee-26juillet-1086x1536.jpg 1086w, https:\/\/mirabel-prairiesdelamer.com\/wp-content\/uploads\/2023\/07\/WEB-Journee-deguisee-26juillet.jpg 1200w\" sizes=\"auto, (max-width: 724px) 100vw, 724px\" \/><\/figure><div class=\"wp-block-media-text__content\">\n<h3 class=\"wp-block-heading\">Grote verkleeddag op woensdag 26 juli<\/h3>\n\n\n\n<p>Trek je kostuums aan! <strong>Woensdag 26 juli <\/strong>vervolgens is het een<strong> Grote verkleedpartij op Camping Mirabel Les Prairies de la Mer.<\/strong> Jong en oud, entertainers, campingpersoneel - iedereen is uitgenodigd om mee te doen aan deze kleurrijke dag. <strong>Thema van dit jaar<\/strong> Superhelden VS Superschurken. <\/p>\n\n\n\n<p>Uitdagingen, optochten, prijzen... het is DE GROTE VERGADERING van de zomer bij Mirabel Campings &amp; R\u00e9sidences. Vergeet je kostuum niet, je bent gewaarschuwd!<\/p>\n<\/div><\/div>\n\n\n\n<div class=\"wp-block-media-text alignwide has-media-on-the-right is-stacked-on-mobile\" style=\"grid-template-columns:auto 31%\"><div class=\"wp-block-media-text__content\">\n<h3 class=\"wp-block-heading\">Productie van de zomerclip op de camping<\/h3>\n\n\n\n<p><strong>Tot 15 augustus<\/strong>, Cre\u00eber met het animatieteam de <strong>videoclip van Prairies de la Mer<\/strong> en help je favoriete camping deze zomer de uitdaging te winnen waarin al onze levendige 4-sterrencampings het tegen elkaar opnemen. Zang, choreografie, sketch, het is aan jou om HET juiste idee te vinden om de beste Mirabel 2023 clip te maken. Heb je een verborgen talent of speel je een instrument, neem het dan mee in je reistas.<\/p>\n<\/div><figure class=\"wp-block-media-text__media\"><img loading=\"lazy\" decoding=\"async\" width=\"724\" height=\"1024\" src=\"https:\/\/www.mirabel-prairiesdelamer.com\/wp-content\/uploads\/2023\/07\/Challenge-clip-video-2023-724x1024.jpg\" alt=\"zomerclip video inter-camping uitdaging\" class=\"wp-image-11771 size-full\" srcset=\"https:\/\/mirabel-prairiesdelamer.com\/wp-content\/uploads\/2023\/07\/Challenge-clip-video-2023-724x1024.jpg 724w, https:\/\/mirabel-prairiesdelamer.com\/wp-content\/uploads\/2023\/07\/Challenge-clip-video-2023-212x300.jpg 212w, https:\/\/mirabel-prairiesdelamer.com\/wp-content\/uploads\/2023\/07\/Challenge-clip-video-2023-768x1087.jpg 768w, https:\/\/mirabel-prairiesdelamer.com\/wp-content\/uploads\/2023\/07\/Challenge-clip-video-2023.jpg 800w\" sizes=\"auto, (max-width: 724px) 100vw, 724px\" \/><\/figure><\/div>","protected":false},"excerpt":{"rendered":"<p>Soir\u00e9e commune, journ\u00e9e d\u00e9guis\u00e9e, d\u00e9fi vid\u00e9o, l&rsquo;\u00e9t\u00e9 est anim\u00e9 dans tous nos Campings Mirabel. Venez vous \u00e9clater en juillet et [&hellip;]<\/p>\n","protected":false},"author":2,"featured_media":11768,"comment_status":"open","ping_status":"open","sticky":false,"template":"","format":"standard","meta":{"_seopress_robots_primary_cat":"none","_seopress_titles_title":"D\u00e9fi inter-camping Mirabel - Animations et cadeaux de l&#039;\u00e9t\u00e9 2023","_seopress_titles_desc":"Participez aux temps forts de l&#039;\u00e9t\u00e9 aux Prairies de la Mer avec la journ\u00e9e d\u00e9guis\u00e9e et le tournage du clip vid\u00e9o de l&#039;\u00e9t\u00e9 ! ","_seopress_robots_index":"","footnotes":""},"categories":[1],"tags":[],"class_list":["post-11765","post","type-post","status-publish","format-standard","has-post-thumbnail","hentry","category-non-classifiee"],"_links":{"self":[{"href":"https:\/\/mirabel-prairiesdelamer.com\/nl\/wp-json\/wp\/v2\/posts\/11765","targetHints":{"allow":["GET"]}}],"collection":[{"href":"https:\/\/mirabel-prairiesdelamer.com\/nl\/wp-json\/wp\/v2\/posts"}],"about":[{"href":"https:\/\/mirabel-prairiesdelamer.com\/nl\/wp-json\/wp\/v2\/types\/post"}],"author":[{"embeddable":true,"href":"https:\/\/mirabel-prairiesdelamer.com\/nl\/wp-json\/wp\/v2\/users\/2"}],"replies":[{"embeddable":true,"href":"https:\/\/mirabel-prairiesdelamer.com\/nl\/wp-json\/wp\/v2\/comments?post=11765"}],"version-history":[{"count":4,"href":"https:\/\/mirabel-prairiesdelamer.com\/nl\/wp-json\/wp\/v2\/posts\/11765\/revisions"}],"predecessor-version":[{"id":11777,"href":"https:\/\/mirabel-prairiesdelamer.com\/nl\/wp-json\/wp\/v2\/posts\/11765\/revisions\/11777"}],"wp:featuredmedia":[{"embeddable":true,"href":"https:\/\/mirabel-prairiesdelamer.com\/nl\/wp-json\/wp\/v2\/media\/11768"}],"wp:attachment":[{"href":"https:\/\/mirabel-prairiesdelamer.com\/nl\/wp-json\/wp\/v2\/media?parent=11765"}],"wp:term":[{"taxonomy":"category","embeddable":true,"href":"https:\/\/mirabel-prairiesdelamer.com\/nl\/wp-json\/wp\/v2\/categories?post=11765"},{"taxonomy":"post_tag","embeddable":true,"href":"https:\/\/mirabel-prairiesdelamer.com\/nl\/wp-json\/wp\/v2\/tags?post=11765"}],"curies":[{"name":"wp","href":"https:\/\/api.w.org\/{rel}","templated":true}]}}