{"id":11122,"date":"2023-03-08T09:00:00","date_gmt":"2023-03-08T08:00:00","guid":{"rendered":"https:\/\/www.domaine-prairiesdelamer.com\/?p=11122"},"modified":"2024-06-10T15:21:07","modified_gmt":"2024-06-10T13:21:07","slug":"dag-7-voor-heropening","status":"publish","type":"post","link":"https:\/\/mirabel-prairiesdelamer.com\/nl\/2023\/03\/08\/j-7-avant-la-reouverture\/","title":{"rendered":"D-7 voor de heropening!"},"content":{"rendered":"<div class=\"wp-block-media-text alignwide is-stacked-on-mobile\"><figure class=\"wp-block-media-text__media\"><img loading=\"lazy\" decoding=\"async\" width=\"700\" height=\"700\" src=\"https:\/\/mirabel-prairiesdelamer.com\/wp-content\/uploads\/2023\/03\/maison-vacances-prairies.jpg\" alt=\"camping ouistreham normandie heropent\" class=\"wp-image-11128 size-full\" srcset=\"https:\/\/mirabel-prairiesdelamer.com\/wp-content\/uploads\/2023\/03\/maison-vacances-prairies.jpg 700w, https:\/\/mirabel-prairiesdelamer.com\/wp-content\/uploads\/2023\/03\/maison-vacances-prairies-300x300.jpg 300w, https:\/\/mirabel-prairiesdelamer.com\/wp-content\/uploads\/2023\/03\/maison-vacances-prairies-150x150.jpg 150w\" sizes=\"auto, (max-width: 700px) 100vw, 700px\" \/><\/figure><div class=\"wp-block-media-text__content\">\n<h2 class=\"wp-block-heading texte-rond has-orange-color has-text-color has-large-font-size\">Nog een week voordat we elkaar weer zien<\/h2>\n\n\n\n<p><strong>15 maart <\/strong>Onze re\u00fcnie nadert met rasse schreden! De hele winter hebben onze technische teams je favoriete camping onder handen genomen om je een warm welkom te heten.<\/p>\n\n\n\n<p>Je kunt terugkeren naar je kleine vakantiehuis en <strong>deel nieuwe herinneringen met je dierbaren<\/strong>, We kijken ernaar uit je weer te zien in de gangpaden van de camping, bij de receptie of bij het zwembad. We kijken ernaar uit je weer te zien in de gangpaden van de camping, bij de receptie of bij het zwembad. <\/p>\n\n\n\n<h2 class=\"wp-block-heading\">Wat als jij ook huiseigenaar zou worden?<\/h2>\n\n\n\n<p>Voor degenen die nog niet van de camping hebben kunnen genieten <strong>8 maanden van het jaar<\/strong>, Maar het is nooit te laat. Waag de sprong en <strong>koop je eigen stacaravan<\/strong> op onze 4-sterrencamping in Ouistreham Riva-Bella, op 500m van het strand. Je kunt je ruimte indelen zoals jij dat wilt en je huis inrichten naar jouw smaak, zodat je je thuis voelt met je gezin. <\/p>\n\n\n\n<p>Om alles te weten te komen wat je moet weten, ga je naar onze <strong>\u00ab\u00a0<a href=\"https:\/\/mirabel-prairiesdelamer.com\/nl\/bijverblijf-ouistreham\/\">Eigenaar worden<\/a>\u00ab\u00a0<\/strong> of neem contact op met Jean-Philippe bij de receptie van de camping.<\/p>\n<\/div><\/div>","protected":false},"excerpt":{"rendered":"<p>Plus qu&rsquo;une semaine avant de vous retrouver Le 15 mars approche \u00e0 grand pas, et nos retrouvailles par la m\u00eame [&hellip;]<\/p>\n","protected":false},"author":2,"featured_media":11128,"comment_status":"open","ping_status":"open","sticky":false,"template":"","format":"standard","meta":{"_seopress_robots_primary_cat":"none","_seopress_titles_title":"J-7 avant la r\u00e9ouverture des Prairies de la Mer aux r\u00e9sidents","_seopress_titles_desc":"Le 15 mars 2023, notre camping 4 \u00e9toiles \u00e0 Ouistreham rouvre ses portes aux propri\u00e9taires de mobil-homes qui pourront profiter du camping avec tout le monde","_seopress_robots_index":"","footnotes":""},"categories":[1],"tags":[],"class_list":["post-11122","post","type-post","status-publish","format-standard","has-post-thumbnail","hentry","category-non-classifiee"],"_links":{"self":[{"href":"https:\/\/mirabel-prairiesdelamer.com\/nl\/wp-json\/wp\/v2\/posts\/11122","targetHints":{"allow":["GET"]}}],"collection":[{"href":"https:\/\/mirabel-prairiesdelamer.com\/nl\/wp-json\/wp\/v2\/posts"}],"about":[{"href":"https:\/\/mirabel-prairiesdelamer.com\/nl\/wp-json\/wp\/v2\/types\/post"}],"author":[{"embeddable":true,"href":"https:\/\/mirabel-prairiesdelamer.com\/nl\/wp-json\/wp\/v2\/users\/2"}],"replies":[{"embeddable":true,"href":"https:\/\/mirabel-prairiesdelamer.com\/nl\/wp-json\/wp\/v2\/comments?post=11122"}],"version-history":[{"count":4,"href":"https:\/\/mirabel-prairiesdelamer.com\/nl\/wp-json\/wp\/v2\/posts\/11122\/revisions"}],"predecessor-version":[{"id":14300,"href":"https:\/\/mirabel-prairiesdelamer.com\/nl\/wp-json\/wp\/v2\/posts\/11122\/revisions\/14300"}],"wp:featuredmedia":[{"embeddable":true,"href":"https:\/\/mirabel-prairiesdelamer.com\/nl\/wp-json\/wp\/v2\/media\/11128"}],"wp:attachment":[{"href":"https:\/\/mirabel-prairiesdelamer.com\/nl\/wp-json\/wp\/v2\/media?parent=11122"}],"wp:term":[{"taxonomy":"category","embeddable":true,"href":"https:\/\/mirabel-prairiesdelamer.com\/nl\/wp-json\/wp\/v2\/categories?post=11122"},{"taxonomy":"post_tag","embeddable":true,"href":"https:\/\/mirabel-prairiesdelamer.com\/nl\/wp-json\/wp\/v2\/tags?post=11122"}],"curies":[{"name":"wp","href":"https:\/\/api.w.org\/{rel}","templated":true}]}}