{"id":11765,"date":"2023-07-17T15:50:52","date_gmt":"2023-07-17T13:50:52","guid":{"rendered":"https:\/\/www.domaine-prairiesdelamer.com\/?p=11765"},"modified":"2023-07-17T16:26:13","modified_gmt":"2023-07-17T14:26:13","slug":"mirabels-defis-at-the-mirabel-les-prairies-de-la-mer-campsite-activities","status":"publish","type":"post","link":"https:\/\/mirabel-prairiesdelamer.com\/en\/2023\/07\/17\/defis-mirabel-inter-camping-les-animations-mirabel-au-camping-les-prairies-de-la-mer\/","title":{"rendered":"D\u00e9fis Mirabel inter-camping - Mirabel activities at Les Prairies de la Mer campsite!"},"content":{"rendered":"<h2 class=\"wp-block-heading has-text-align-center\">Joint evening, costume day, video challenge \u2013 summer is lively at all our Mirabel Campsites. Come have a blast in July and August with our counselors. <\/h2>\n\n\n\n<div class=\"wp-block-media-text alignwide is-stacked-on-mobile\" style=\"grid-template-columns:27% auto\"><figure class=\"wp-block-media-text__media\"><img loading=\"lazy\" decoding=\"async\" width=\"724\" height=\"1024\" src=\"https:\/\/www.mirabel-prairiesdelamer.com\/wp-content\/uploads\/2023\/07\/WEB-Journee-deguisee-26juillet-724x1024.jpg\" alt=\"superhero costume day wednesday, july 26\" class=\"wp-image-11768 size-full\" srcset=\"https:\/\/mirabel-prairiesdelamer.com\/wp-content\/uploads\/2023\/07\/WEB-Journee-deguisee-26juillet-724x1024.jpg 724w, https:\/\/mirabel-prairiesdelamer.com\/wp-content\/uploads\/2023\/07\/WEB-Journee-deguisee-26juillet-212x300.jpg 212w, https:\/\/mirabel-prairiesdelamer.com\/wp-content\/uploads\/2023\/07\/WEB-Journee-deguisee-26juillet-768x1086.jpg 768w, https:\/\/mirabel-prairiesdelamer.com\/wp-content\/uploads\/2023\/07\/WEB-Journee-deguisee-26juillet-1086x1536.jpg 1086w, https:\/\/mirabel-prairiesdelamer.com\/wp-content\/uploads\/2023\/07\/WEB-Journee-deguisee-26juillet.jpg 1200w\" sizes=\"auto, (max-width: 724px) 100vw, 724px\" \/><\/figure><div class=\"wp-block-media-text__content\">\n<h3 class=\"wp-block-heading\">Big dress-up day Wednesday, July 26<\/h3>\n\n\n\n<p>Get your suits on! <strong>Wednesday, July 26 <\/strong>next, it's a<strong> Great costume day at Camping Mirabel Les Prairies de la Mer.<\/strong> Children and adults, counselors, camp staff, everyone is invited to transform for this big, colorful day. <strong>This year's theme<\/strong> Super Heroes VS Super Villains. <\/p>\n\n\n\n<p>Challenges, fashion shows, and gifts galore... it's THE BIG SUMMER EVENT at Mirabel Campings &amp; R\u00e9sidences. Don't forget your swimsuit in your suitcase, you've been warned!<\/p>\n<\/div><\/div>\n\n\n\n<div class=\"wp-block-media-text alignwide has-media-on-the-right is-stacked-on-mobile\" style=\"grid-template-columns:auto 31%\"><div class=\"wp-block-media-text__content\">\n<h3 class=\"wp-block-heading\">Making the summer clip at the campsite<\/h3>\n\n\n\n<p><strong>Until August 15<\/strong>, with the animation team, create the <strong>Video clip of the Meadows of the Sea<\/strong> And help your favorite campsite win this summer challenge pitting all our lively 4-star campsites against each other. Song, choreography, skit \u2013 it's up to you to come up with THE great idea to produce the best Mirabel 2023 video. If you have a hidden talent, if you play an instrument, bring it in your suitcase.<\/p>\n<\/div><figure class=\"wp-block-media-text__media\"><img loading=\"lazy\" decoding=\"async\" width=\"724\" height=\"1024\" src=\"https:\/\/www.mirabel-prairiesdelamer.com\/wp-content\/uploads\/2023\/07\/Challenge-clip-video-2023-724x1024.jpg\" alt=\"summer clip video inter-camping challenge\" class=\"wp-image-11771 size-full\" srcset=\"https:\/\/mirabel-prairiesdelamer.com\/wp-content\/uploads\/2023\/07\/Challenge-clip-video-2023-724x1024.jpg 724w, https:\/\/mirabel-prairiesdelamer.com\/wp-content\/uploads\/2023\/07\/Challenge-clip-video-2023-212x300.jpg 212w, https:\/\/mirabel-prairiesdelamer.com\/wp-content\/uploads\/2023\/07\/Challenge-clip-video-2023-768x1087.jpg 768w, https:\/\/mirabel-prairiesdelamer.com\/wp-content\/uploads\/2023\/07\/Challenge-clip-video-2023.jpg 800w\" sizes=\"auto, (max-width: 724px) 100vw, 724px\" \/><\/figure><\/div>","protected":false},"excerpt":{"rendered":"<p>Soir\u00e9e commune, journ\u00e9e d\u00e9guis\u00e9e, d\u00e9fi vid\u00e9o, l&rsquo;\u00e9t\u00e9 est anim\u00e9 dans tous nos Campings Mirabel. Venez vous \u00e9clater en juillet et [&hellip;]<\/p>\n","protected":false},"author":2,"featured_media":11768,"comment_status":"open","ping_status":"open","sticky":false,"template":"","format":"standard","meta":{"_seopress_robots_primary_cat":"none","_seopress_titles_title":"D\u00e9fi inter-camping Mirabel - Animations et cadeaux de l&#039;\u00e9t\u00e9 2023","_seopress_titles_desc":"Participez aux temps forts de l&#039;\u00e9t\u00e9 aux Prairies de la Mer avec la journ\u00e9e d\u00e9guis\u00e9e et le tournage du clip vid\u00e9o de l&#039;\u00e9t\u00e9 ! ","_seopress_robots_index":"","footnotes":""},"categories":[1],"tags":[],"class_list":["post-11765","post","type-post","status-publish","format-standard","has-post-thumbnail","hentry","category-non-classifiee"],"_links":{"self":[{"href":"https:\/\/mirabel-prairiesdelamer.com\/en\/wp-json\/wp\/v2\/posts\/11765","targetHints":{"allow":["GET"]}}],"collection":[{"href":"https:\/\/mirabel-prairiesdelamer.com\/en\/wp-json\/wp\/v2\/posts"}],"about":[{"href":"https:\/\/mirabel-prairiesdelamer.com\/en\/wp-json\/wp\/v2\/types\/post"}],"author":[{"embeddable":true,"href":"https:\/\/mirabel-prairiesdelamer.com\/en\/wp-json\/wp\/v2\/users\/2"}],"replies":[{"embeddable":true,"href":"https:\/\/mirabel-prairiesdelamer.com\/en\/wp-json\/wp\/v2\/comments?post=11765"}],"version-history":[{"count":4,"href":"https:\/\/mirabel-prairiesdelamer.com\/en\/wp-json\/wp\/v2\/posts\/11765\/revisions"}],"predecessor-version":[{"id":11777,"href":"https:\/\/mirabel-prairiesdelamer.com\/en\/wp-json\/wp\/v2\/posts\/11765\/revisions\/11777"}],"wp:featuredmedia":[{"embeddable":true,"href":"https:\/\/mirabel-prairiesdelamer.com\/en\/wp-json\/wp\/v2\/media\/11768"}],"wp:attachment":[{"href":"https:\/\/mirabel-prairiesdelamer.com\/en\/wp-json\/wp\/v2\/media?parent=11765"}],"wp:term":[{"taxonomy":"category","embeddable":true,"href":"https:\/\/mirabel-prairiesdelamer.com\/en\/wp-json\/wp\/v2\/categories?post=11765"},{"taxonomy":"post_tag","embeddable":true,"href":"https:\/\/mirabel-prairiesdelamer.com\/en\/wp-json\/wp\/v2\/tags?post=11765"}],"curies":[{"name":"wp","href":"https:\/\/api.w.org\/{rel}","templated":true}]}}