{"id":11541,"date":"2025-04-02T10:33:00","date_gmt":"2025-04-02T08:33:00","guid":{"rendered":"https:\/\/www.domaine-prairiesdelamer.com\/?p=11541"},"modified":"2025-06-06T17:16:49","modified_gmt":"2025-06-06T15:16:49","slug":"food-truck-at-the-campsite-sunday-june-4","status":"publish","type":"post","link":"https:\/\/mirabel-prairiesdelamer.com\/en\/2025\/04\/02\/food-truck-au-camping-dimanche-4-juin\/","title":{"rendered":"Food-Truck at the campsite in low season"},"content":{"rendered":"\n<div class=\"wp-block-media-text alignwide is-stacked-on-mobile\" style=\"grid-template-columns:38% auto\"><figure class=\"wp-block-media-text__media\"><a href=\"https:\/\/www.fleur-du-desert.com\/\" target=\"_blank\" rel=\"noreferrer noopener\"><img loading=\"lazy\" decoding=\"async\" width=\"1200\" height=\"1698\" src=\"https:\/\/mirabel-prairiesdelamer.com\/wp-content\/uploads\/2022\/06\/Foodtruck-PDM-BS-2025.jpg\" alt=\"Food truck au camping Ouistreham, Calvados\" class=\"wp-image-15311 size-full\" srcset=\"https:\/\/mirabel-prairiesdelamer.com\/wp-content\/uploads\/2022\/06\/Foodtruck-PDM-BS-2025.jpg 1200w, https:\/\/mirabel-prairiesdelamer.com\/wp-content\/uploads\/2022\/06\/Foodtruck-PDM-BS-2025-212x300.jpg 212w, https:\/\/mirabel-prairiesdelamer.com\/wp-content\/uploads\/2022\/06\/Foodtruck-PDM-BS-2025-724x1024.jpg 724w, https:\/\/mirabel-prairiesdelamer.com\/wp-content\/uploads\/2022\/06\/Foodtruck-PDM-BS-2025-768x1087.jpg 768w, https:\/\/mirabel-prairiesdelamer.com\/wp-content\/uploads\/2022\/06\/Foodtruck-PDM-BS-2025-1086x1536.jpg 1086w\" sizes=\"auto, (max-width: 1200px) 100vw, 1200px\" \/><\/a><\/figure><div class=\"wp-block-media-text__content\">\n<h2 class=\"wp-block-heading\">Se restaurer au camping en dehors de l&rsquo;\u00e9t\u00e9<\/h2>\n\n\n\n<p>Au camping de Ouistreham, le restaurant ouvre uniquement en \u00e9t\u00e9. Du coup, en basse-saison nous accueillons des Food Truck chaque semaine. On sait bien qu&rsquo;en vacances, vous appr\u00e9ciez de ne pas faire \u00e0 manger tous les jours.  <strong>D\u00e9but avril<\/strong>, et jusqu&rsquo;\u00e0 la fin du mois de juin, 2 Food Trucks se relaient <strong>\u00e0 l&rsquo;entr\u00e9e du camping<\/strong>. Pizzas au feu de bois, burger frites ou encore fish and chips avec une sauce tartare maison.<\/p>\n\n\n\n<p>R\u00e9galez-vous bien !! <img loading=\"lazy\" decoding=\"async\" height=\"16\" width=\"16\" src=\"https:\/\/static.xx.fbcdn.net\/images\/emoji.php\/v9\/t9f\/2\/16\/1f60b.png\" alt=\"\ud83d\ude0b\"><\/p>\n\n\n\n<h2 class=\"wp-block-heading\">Infos pratiques<\/h2>\n\n\n\n<ul class=\"wp-block-list\">\n<li>Mardi midi : <a href=\"https:\/\/www.facebook.com\/profile.php?id=61558258775138&amp;__cft__[0]=AZVS_AfBN5GoKHbw0PHKr3v4tRoAvdsJn_OPqvhqftizTrJw4jrfi-wAo3x3N1WWk6uUsLGkwSMNNH4m5ZyJm5UT098R6E9QUfHcJsE-PjZ5MHbo2x2N_CZVUgDZHPM566B9nzYQxKiXK6iUDtxzHfXNw_dkUdvxI2anRAVn0tw2dV6KCPuOc92bFy_e4gnoBl0&amp;__tn__=-]K-R\" target=\"_blank\" rel=\"noreferrer noopener\">O&rsquo;fish&rsquo;All<\/a> (fish &amp; chips \/ burger)<\/li>\n\n\n\n<li>Jeudi soir : La <a href=\"https:\/\/www.facebook.com\/profile.php?id=100089639843695&amp;__cft__[0]=AZVS_AfBN5GoKHbw0PHKr3v4tRoAvdsJn_OPqvhqftizTrJw4jrfi-wAo3x3N1WWk6uUsLGkwSMNNH4m5ZyJm5UT098R6E9QUfHcJsE-PjZ5MHbo2x2N_CZVUgDZHPM566B9nzYQxKiXK6iUDtxzHfXNw_dkUdvxI2anRAVn0tw2dV6KCPuOc92bFy_e4gnoBl0&amp;__tn__=-]K-R\" target=\"_blank\" rel=\"noreferrer noopener\">Caz\u2019O\u2019bois<\/a> (pizzas)<\/li>\n\n\n\n<li>Samedi soir : <a href=\"https:\/\/www.facebook.com\/profile.php?id=61558258775138&amp;__cft__[0]=AZVS_AfBN5GoKHbw0PHKr3v4tRoAvdsJn_OPqvhqftizTrJw4jrfi-wAo3x3N1WWk6uUsLGkwSMNNH4m5ZyJm5UT098R6E9QUfHcJsE-PjZ5MHbo2x2N_CZVUgDZHPM566B9nzYQxKiXK6iUDtxzHfXNw_dkUdvxI2anRAVn0tw2dV6KCPuOc92bFy_e4gnoBl0&amp;__tn__=-]K-R\" target=\"_blank\" rel=\"noreferrer noopener\">O&rsquo;fish&rsquo;All<\/a> (fish &amp; chips \/ burger)<\/li>\n<\/ul>\n\n\n\n<p>Les jours de pr\u00e9sence et horaires peuvent varier en fonction des disponibilit\u00e9s des Food Truck qui se rendent parfois sur des \u00e9v\u00e8nements exceptionnels.<\/p>\n\n\n\n<p><\/p>\n\n\n\n<p><\/p>\n<\/div><\/div>\n","protected":false},"excerpt":{"rendered":"","protected":false},"author":2,"featured_media":11552,"comment_status":"open","ping_status":"open","sticky":false,"template":"","format":"standard","meta":{"_seopress_robots_primary_cat":"none","_seopress_titles_title":"Food Truck au Camping Mirabel Les Prairies de la Mer","_seopress_titles_desc":"Ce dimanche, retrouvez le Food Truck Fleur du D\u00e9sert au Camping Les Prairies de la Mer \u00e0 Ouistreham. D\u00e8s 16h30 : sp\u00e9cialit\u00e9s orientales","_seopress_robots_index":"","footnotes":""},"categories":[1],"tags":[],"class_list":["post-11541","post","type-post","status-publish","format-standard","has-post-thumbnail","hentry","category-non-classifiee"],"_links":{"self":[{"href":"https:\/\/mirabel-prairiesdelamer.com\/en\/wp-json\/wp\/v2\/posts\/11541","targetHints":{"allow":["GET"]}}],"collection":[{"href":"https:\/\/mirabel-prairiesdelamer.com\/en\/wp-json\/wp\/v2\/posts"}],"about":[{"href":"https:\/\/mirabel-prairiesdelamer.com\/en\/wp-json\/wp\/v2\/types\/post"}],"author":[{"embeddable":true,"href":"https:\/\/mirabel-prairiesdelamer.com\/en\/wp-json\/wp\/v2\/users\/2"}],"replies":[{"embeddable":true,"href":"https:\/\/mirabel-prairiesdelamer.com\/en\/wp-json\/wp\/v2\/comments?post=11541"}],"version-history":[{"count":10,"href":"https:\/\/mirabel-prairiesdelamer.com\/en\/wp-json\/wp\/v2\/posts\/11541\/revisions"}],"predecessor-version":[{"id":15318,"href":"https:\/\/mirabel-prairiesdelamer.com\/en\/wp-json\/wp\/v2\/posts\/11541\/revisions\/15318"}],"wp:featuredmedia":[{"embeddable":true,"href":"https:\/\/mirabel-prairiesdelamer.com\/en\/wp-json\/wp\/v2\/media\/11552"}],"wp:attachment":[{"href":"https:\/\/mirabel-prairiesdelamer.com\/en\/wp-json\/wp\/v2\/media?parent=11541"}],"wp:term":[{"taxonomy":"category","embeddable":true,"href":"https:\/\/mirabel-prairiesdelamer.com\/en\/wp-json\/wp\/v2\/categories?post=11541"},{"taxonomy":"post_tag","embeddable":true,"href":"https:\/\/mirabel-prairiesdelamer.com\/en\/wp-json\/wp\/v2\/tags?post=11541"}],"curies":[{"name":"wp","href":"https:\/\/api.w.org\/{rel}","templated":true}]}}