{"id":11210,"date":"2023-03-24T12:32:56","date_gmt":"2023-03-24T11:32:56","guid":{"rendered":"https:\/\/www.domaine-prairiesdelamer.com\/?p=11210"},"modified":"2024-06-10T15:20:52","modified_gmt":"2024-06-10T13:20:52","slug":"reopening-of-the-campsite-for-rentals","status":"publish","type":"post","link":"https:\/\/mirabel-prairiesdelamer.com\/en\/2023\/03\/24\/reouverture-du-camping-a-la-location\/","title":{"rendered":"Campsite reopens for rentals"},"content":{"rendered":"<div class=\"wp-block-media-text alignwide has-media-on-the-right is-stacked-on-mobile\"><div class=\"wp-block-media-text__content\">\n<h2 class=\"wp-block-heading\">15 days until reopening for rentals<\/h2>\n\n\n\n<p>Fellow vacationers, the reunion is approaching! Let's meet up<strong>on April 7 <\/strong>in your favorite campsite in Ouistreham for new moments of happiness to share!<\/p>\n\n\n\n<p>In the meantime, our teams are working hard <strong>to prepare your future mobile home,<\/strong> and <strong>Make the campsite shine<\/strong>. The pool will be heated upon your arrival so you can enjoy it right away. Happiness, right?!<\/p>\n\n\n\n<p>We're being told in our earpieces that you haven't booked your stay yet! Don't panic, there's still time to catch up and enjoy <strong>long weekends<\/strong> and <strong>Easter holidays<\/strong> coming soon! (program to follow)<\/p>\n\n\n\n<h2 class=\"wp-block-heading texte-rond has-orange-color has-text-color has-large-font-size\">Our mobile homes for rent<\/h2>\n\n\n\n<p>As a couple or with others, our <strong><a href=\"https:\/\/mirabel-prairiesdelamer.com\/en\/mobil-homes-rental-normandie\/\" target=\"_blank\" rel=\"noreferrer noopener\">Vacation rentals<\/a><\/strong> don't necessarily meet your needs. On our <strong>4-star campsite<\/strong> Les Prairies de la Mer, you can rent accommodation for <strong>up to 6 people<\/strong>. Indeed, we possess <strong>1 to 3-bedroom mobile homes<\/strong> with closets for your comfort, a separate bathroom and toilet, a living room with a corner<strong> fitted kitchen <\/strong>and living area with a <strong>sofa and a television<\/strong>. Outdoor area, you can enjoy <strong>the terrace and its garden furniture<\/strong> For your breakfast!<\/p>\n\n\n\n<p><strong>So, when can we see you?<\/strong><\/p>\n\n\n\n<p><\/p>\n\n\n\n<div class=\"wp-block-buttons is-layout-flex wp-block-buttons-is-layout-flex\">\n<div class=\"wp-block-button\"><a class=\"wp-block-button__link has-orange-background-color has-background wp-element-button\" href=\"https:\/\/bookingpremium.secureholiday.net\/FR\/3216\/search\/product-list?dateStart=&amp;dateEnd=&amp;_ga=2.63921903.1772421735.1679652884-1995892261.1678454393&amp;_gl=1%2amkco7n%2a_ga%2aMTk5NTg5MjI2MS4xNjc4NDU0Mzkz%2a_ga_WNLMDCTM0L%2aMTY3OTY1NTI1My4xNC4xLjE2Nzk2NTY3MzAuMC4wLjA.&amp;filterStatus=showPeriod\" target=\"_blank\" rel=\"noreferrer noopener\"><strong>I am booking<\/strong><\/a><\/div>\n<\/div>\n<\/div><figure class=\"wp-block-media-text__media\"><img loading=\"lazy\" decoding=\"async\" width=\"1000\" height=\"1000\" src=\"https:\/\/mirabel-prairiesdelamer.com\/wp-content\/uploads\/2023\/03\/ouverture-camping-PDM.jpg\" alt=\"reopening of the campsite to rentals\" class=\"wp-image-11213 size-full\" srcset=\"https:\/\/mirabel-prairiesdelamer.com\/wp-content\/uploads\/2023\/03\/ouverture-camping-PDM.jpg 1000w, https:\/\/mirabel-prairiesdelamer.com\/wp-content\/uploads\/2023\/03\/ouverture-camping-PDM-300x300.jpg 300w, https:\/\/mirabel-prairiesdelamer.com\/wp-content\/uploads\/2023\/03\/ouverture-camping-PDM-150x150.jpg 150w, https:\/\/mirabel-prairiesdelamer.com\/wp-content\/uploads\/2023\/03\/ouverture-camping-PDM-768x768.jpg 768w\" sizes=\"auto, (max-width: 1000px) 100vw, 1000px\" \/><\/figure><\/div>","protected":false},"excerpt":{"rendered":"","protected":false},"author":2,"featured_media":11213,"comment_status":"open","ping_status":"open","sticky":false,"template":"","format":"standard","meta":{"_seopress_robots_primary_cat":"none","_seopress_titles_title":"R\u00e9ouverture du camping Les prairies de la Mer le 7 avril","_seopress_titles_desc":"Notre camping 4 \u00e9toiles \u00e0 Ouistreham en Normandie rouvre ses portes pour nos vacanciers en mobil-homes \u00e0 partir du 7 avril prochain.","_seopress_robots_index":"","footnotes":""},"categories":[1],"tags":[],"class_list":["post-11210","post","type-post","status-publish","format-standard","has-post-thumbnail","hentry","category-non-classifiee"],"_links":{"self":[{"href":"https:\/\/mirabel-prairiesdelamer.com\/en\/wp-json\/wp\/v2\/posts\/11210","targetHints":{"allow":["GET"]}}],"collection":[{"href":"https:\/\/mirabel-prairiesdelamer.com\/en\/wp-json\/wp\/v2\/posts"}],"about":[{"href":"https:\/\/mirabel-prairiesdelamer.com\/en\/wp-json\/wp\/v2\/types\/post"}],"author":[{"embeddable":true,"href":"https:\/\/mirabel-prairiesdelamer.com\/en\/wp-json\/wp\/v2\/users\/2"}],"replies":[{"embeddable":true,"href":"https:\/\/mirabel-prairiesdelamer.com\/en\/wp-json\/wp\/v2\/comments?post=11210"}],"version-history":[{"count":9,"href":"https:\/\/mirabel-prairiesdelamer.com\/en\/wp-json\/wp\/v2\/posts\/11210\/revisions"}],"predecessor-version":[{"id":14299,"href":"https:\/\/mirabel-prairiesdelamer.com\/en\/wp-json\/wp\/v2\/posts\/11210\/revisions\/14299"}],"wp:featuredmedia":[{"embeddable":true,"href":"https:\/\/mirabel-prairiesdelamer.com\/en\/wp-json\/wp\/v2\/media\/11213"}],"wp:attachment":[{"href":"https:\/\/mirabel-prairiesdelamer.com\/en\/wp-json\/wp\/v2\/media?parent=11210"}],"wp:term":[{"taxonomy":"category","embeddable":true,"href":"https:\/\/mirabel-prairiesdelamer.com\/en\/wp-json\/wp\/v2\/categories?post=11210"},{"taxonomy":"post_tag","embeddable":true,"href":"https:\/\/mirabel-prairiesdelamer.com\/en\/wp-json\/wp\/v2\/tags?post=11210"}],"curies":[{"name":"wp","href":"https:\/\/api.w.org\/{rel}","templated":true}]}}