{"id":9966,"date":"2022-11-17T11:19:11","date_gmt":"2022-11-17T10:19:11","guid":{"rendered":"https:\/\/www.domaine-prairiesdelamer.com\/?p=9966"},"modified":"2024-06-10T15:24:34","modified_gmt":"2024-06-10T13:24:34","slug":"bis-zum-nachsten-jahr","status":"publish","type":"post","link":"https:\/\/mirabel-prairiesdelamer.com\/de\/2022\/11\/17\/a-lannee-prochaine\/","title":{"rendered":"Bis zum n\u00e4chsten Jahr!"},"content":{"rendered":"<div class=\"wp-block-media-text alignwide is-stacked-on-mobile\" style=\"grid-template-columns:40% auto\"><figure class=\"wp-block-media-text__media\"><img loading=\"lazy\" decoding=\"async\" width=\"1024\" height=\"1024\" src=\"https:\/\/mirabel-prairiesdelamer.com\/wp-content\/uploads\/2022\/11\/A-bientot-fermeture-1024x1024.jpg\" alt=\"Schlie\u00dfung des Campingplatzes\" class=\"wp-image-9969 size-full\" srcset=\"https:\/\/mirabel-prairiesdelamer.com\/wp-content\/uploads\/2022\/11\/A-bientot-fermeture-1024x1024.jpg 1024w, https:\/\/mirabel-prairiesdelamer.com\/wp-content\/uploads\/2022\/11\/A-bientot-fermeture-300x300.jpg 300w, https:\/\/mirabel-prairiesdelamer.com\/wp-content\/uploads\/2022\/11\/A-bientot-fermeture-150x150.jpg 150w, https:\/\/mirabel-prairiesdelamer.com\/wp-content\/uploads\/2022\/11\/A-bientot-fermeture-768x768.jpg 768w, https:\/\/mirabel-prairiesdelamer.com\/wp-content\/uploads\/2022\/11\/A-bientot-fermeture.jpg 1080w\" sizes=\"auto, (max-width: 1024px) 100vw, 1024px\" \/><\/figure><div class=\"wp-block-media-text__content\">\n<p class=\"texte-rond has-orange-color has-text-color has-large-font-size\">Campingplatz geschlossen!<\/p>\n\n\n\n<p>Unser Campingplatz Les Prairies de la Mer hat am vergangenen 15. November seine Pforten geschlossen! Die Saison 2022 endet somit mit sch\u00f6nen Momenten, die wir mit Ihnen, liebe Urlauber, geteilt haben.<\/p>\n\n\n\n<p>Unser Team bereitet sich bereits auf die n\u00e4chste Saison vor, bevor wir uns zu den Feiertagen etwas ausruhen. Bleiben Sie in der Zwischenzeit auf der Facebook-Seite dran<strong>k <a rel=\"noreferrer noopener\" href=\"https:\/\/www.facebook.com\/mirabelcampingsetresidences\" target=\"_blank\">Mirabel Campingpl\u00e4tze &amp; Wohnheime<\/a><\/strong>, und auf der Website <a rel=\"noreferrer noopener\" href=\"https:\/\/www.mirabel-campings.com\/\" target=\"_blank\"><strong>www.campings-mirabel.com<\/strong><\/a> um alle Neuigkeiten \u00fcber unsere Campingpl\u00e4tze zu verfolgen und die baldige Er\u00f6ffnung der Buchungen f\u00fcr 2023 nicht zu verpassen!<\/p>\n\n\n\n<p>Passen Sie auf sich auf und bis bald!<\/p>\n<\/div><\/div>","protected":false},"excerpt":{"rendered":"<p>Fermeture du camping ! Notre camping Les Prairies de la Mer a ferm\u00e9 ses portes le 15 novembre dernier ! [&hellip;]<\/p>\n","protected":false},"author":2,"featured_media":9969,"comment_status":"open","ping_status":"open","sticky":false,"template":"","format":"standard","meta":{"_seopress_robots_primary_cat":"none","_seopress_titles_title":"A l'ann\u00e9e prochaine au camping des Prairies de la Mer","_seopress_titles_desc":"Notre camping Les Prairies de la Mer a ferm\u00e9 ses portes le 15 novembre dernier !","_seopress_robots_index":"","footnotes":""},"categories":[1],"tags":[],"class_list":["post-9966","post","type-post","status-publish","format-standard","has-post-thumbnail","hentry","category-non-classifiee"],"_links":{"self":[{"href":"https:\/\/mirabel-prairiesdelamer.com\/de\/wp-json\/wp\/v2\/posts\/9966","targetHints":{"allow":["GET"]}}],"collection":[{"href":"https:\/\/mirabel-prairiesdelamer.com\/de\/wp-json\/wp\/v2\/posts"}],"about":[{"href":"https:\/\/mirabel-prairiesdelamer.com\/de\/wp-json\/wp\/v2\/types\/post"}],"author":[{"embeddable":true,"href":"https:\/\/mirabel-prairiesdelamer.com\/de\/wp-json\/wp\/v2\/users\/2"}],"replies":[{"embeddable":true,"href":"https:\/\/mirabel-prairiesdelamer.com\/de\/wp-json\/wp\/v2\/comments?post=9966"}],"version-history":[{"count":5,"href":"https:\/\/mirabel-prairiesdelamer.com\/de\/wp-json\/wp\/v2\/posts\/9966\/revisions"}],"predecessor-version":[{"id":14304,"href":"https:\/\/mirabel-prairiesdelamer.com\/de\/wp-json\/wp\/v2\/posts\/9966\/revisions\/14304"}],"wp:featuredmedia":[{"embeddable":true,"href":"https:\/\/mirabel-prairiesdelamer.com\/de\/wp-json\/wp\/v2\/media\/9969"}],"wp:attachment":[{"href":"https:\/\/mirabel-prairiesdelamer.com\/de\/wp-json\/wp\/v2\/media?parent=9966"}],"wp:term":[{"taxonomy":"category","embeddable":true,"href":"https:\/\/mirabel-prairiesdelamer.com\/de\/wp-json\/wp\/v2\/categories?post=9966"},{"taxonomy":"post_tag","embeddable":true,"href":"https:\/\/mirabel-prairiesdelamer.com\/de\/wp-json\/wp\/v2\/tags?post=9966"}],"curies":[{"name":"wp","href":"https:\/\/api.w.org\/{rel}","templated":true}]}}