{"id":8708,"date":"2025-06-27T15:14:14","date_gmt":"2025-06-27T13:14:14","guid":{"rendered":"https:\/\/www.domaine-prairiesdelamer.com\/?p=8708"},"modified":"2025-06-30T15:54:46","modified_gmt":"2025-06-30T13:54:46","slug":"wiederaufnahme-der-animationen","status":"publish","type":"post","link":"https:\/\/mirabel-prairiesdelamer.com\/de\/2025\/06\/27\/reprise-des-animations\/","title":{"rendered":"Wiederaufnahme der Animationen auf dem Campingplatz in diesem Sommer"},"content":{"rendered":"<p class=\"has-text-align-center\">Ab dem 3. Juli 2025 ist Ihr Animationsteam zur\u00fcck auf den Prairies de la Mer in Ouistreham, Normandie!<\/p>\n\n\n\n<div class=\"wp-block-media-text alignwide has-media-on-the-right is-stacked-on-mobile\"><div class=\"wp-block-media-text__content\">\n<h2 class=\"wp-block-heading texte-rond has-orange-color has-text-color has-large-font-size\">Die Saison beginnt!<\/h2>\n\n\n\n<p>F\u00fcr einen lebhaften Urlaub in Ouistreham trifft heute unser saisonales Team ein und bereitet sich darauf vor, Ihnen einen wundersch\u00f6nen Sommer in den Prairies de la Mer zu bereiten.<\/p>\n\n\n\n<p>F\u00fcr die neue Saison 2025 haben wir f\u00fcr Sie 2 w\u00f6chentliche Zeitpl\u00e4ne von Montag bis Freitag im Juli\/August zusammengestellt. Finden Sie die <a href=\"https:\/\/mirabel-prairiesdelamer.com\/de\/animationen-juli-august\/\" data-type=\"page\" data-id=\"46\">Animationen f\u00fcr Jugendliche und Erwachsene<\/a> von 10 bis 11 Uhr und von 14 bis 17 Uhr sowie die Animationen des <a href=\"https:\/\/mirabel-prairiesdelamer.com\/de\/animationen-juli-august\/\" data-type=\"page\" data-id=\"46\">Kinderclub<\/a> von 10 bis 12 Uhr und von 14 bis 17 Uhr:<\/p>\n\n\n\n<p>\u2022 <strong>Chlo\u00e9 <\/strong>f\u00fcr k\u00f6rperliche und sportliche Aktivit\u00e4ten<br>\u2022 <strong>Klementine<\/strong> und <strong>Manon<\/strong> f\u00fcr den Miniclub der 6-12-J\u00e4hrigen<br>\u2022<strong> Leo<\/strong> <strong>&amp; Lina<\/strong> zur Pool\u00fcberwachung und zum Aquafitness jeden Morgen ab 10:15 Uhr, auch am Wochenende!<\/p>\n\n\n\n<h2 class=\"wp-block-heading texte-rond has-orange-color has-text-color has-large-font-size\">Sommerabende auf dem Campingplatz:<\/h2>\n\n\n\n<p><\/p>\n\n\n\n<p><strong>Montag und Mittwoch<\/strong>, Between 6 p.m. and 7 p.m., it's time to play at La Paillotte: aperitif games and happy hour.<\/p>\n\n\n\n<p><strong>Jeden Dienstag,<\/strong> Ihre 3 Animateure bereiten Ihnen gesellige Abende mit Spielen, Musik, Pr\u00fcfungen usw. vor, die Sie unter der Paillote mit der ganzen Familie teilen k\u00f6nnen.<\/p>\n\n\n\n<p><strong>Jeden Donnerstag<\/strong> : Sie finden Themenmen\u00fcs, die von unserem K\u00fcchenchef zubereitet werden, gefolgt von einer Auff\u00fchrung, einem Konzert eines externen K\u00fcnstlers, ebenfalls unter der Paillote. Denken Sie daran, Ihren Tisch bis Mittwochabend zu reservieren, um sicher einen Platz zu haben.<\/p>\n\n\n\n<p>+ des <strong>\u00dcberraschungspartys<\/strong> punktuell organisiert, die Sie auf dem Plan Ihrer Urlacovite entdecken k\u00f6nnen.<\/p>\n\n\n\n<p class=\"has-medium-font-size\">Finden Sie die Online-Planungen auf unserer <a href=\"https:\/\/notre.guide\/prairiesdelamer\/#events_onsite\"><strong>Willkommensbrosch\u00fcre<\/strong><\/a> und unser <a href=\"https:\/\/www.facebook.com\/mirabelprairiesdelamer\"><strong>Facebook-Seite<\/strong><\/a> jeden Freitagmorgen!<\/p>\n<\/div><figure class=\"wp-block-media-text__media\"><video controls src=\"https:\/\/mirabel-prairiesdelamer.com\/wp-content\/uploads\/2024\/06\/Animations-ete-PDM.mp4\"><\/video><\/figure><\/div>\n\n\n\n<p><\/p>","protected":false},"excerpt":{"rendered":"<p>D\u00e8s le 3 juillet 2025, votre \u00e9quipe d&rsquo;animation est de retour aux Prairies de la Mer, \u00e0 Ouistreham, Normandie ! [&hellip;]<\/p>\n","protected":false},"author":2,"featured_media":8710,"comment_status":"open","ping_status":"open","sticky":false,"template":"","format":"standard","meta":{"_seopress_robots_primary_cat":"none","_seopress_titles_title":"D\u00e9but des animations d'\u00e9t\u00e9 au camping : lundi 1er juillet","_seopress_titles_desc":"Tout l'\u00e9t\u00e9 2024, retrouvez les animations du camping : le club enfants de 6 \u00e0 12 ans et des activit\u00e9s pour les ados et adultes du lundi au vendredi.","_seopress_robots_index":"","footnotes":""},"categories":[1],"tags":[],"class_list":["post-8708","post","type-post","status-publish","format-standard","has-post-thumbnail","hentry","category-non-classifiee"],"_links":{"self":[{"href":"https:\/\/mirabel-prairiesdelamer.com\/de\/wp-json\/wp\/v2\/posts\/8708","targetHints":{"allow":["GET"]}}],"collection":[{"href":"https:\/\/mirabel-prairiesdelamer.com\/de\/wp-json\/wp\/v2\/posts"}],"about":[{"href":"https:\/\/mirabel-prairiesdelamer.com\/de\/wp-json\/wp\/v2\/types\/post"}],"author":[{"embeddable":true,"href":"https:\/\/mirabel-prairiesdelamer.com\/de\/wp-json\/wp\/v2\/users\/2"}],"replies":[{"embeddable":true,"href":"https:\/\/mirabel-prairiesdelamer.com\/de\/wp-json\/wp\/v2\/comments?post=8708"}],"version-history":[{"count":24,"href":"https:\/\/mirabel-prairiesdelamer.com\/de\/wp-json\/wp\/v2\/posts\/8708\/revisions"}],"predecessor-version":[{"id":15494,"href":"https:\/\/mirabel-prairiesdelamer.com\/de\/wp-json\/wp\/v2\/posts\/8708\/revisions\/15494"}],"wp:featuredmedia":[{"embeddable":true,"href":"https:\/\/mirabel-prairiesdelamer.com\/de\/wp-json\/wp\/v2\/media\/8710"}],"wp:attachment":[{"href":"https:\/\/mirabel-prairiesdelamer.com\/de\/wp-json\/wp\/v2\/media?parent=8708"}],"wp:term":[{"taxonomy":"category","embeddable":true,"href":"https:\/\/mirabel-prairiesdelamer.com\/de\/wp-json\/wp\/v2\/categories?post=8708"},{"taxonomy":"post_tag","embeddable":true,"href":"https:\/\/mirabel-prairiesdelamer.com\/de\/wp-json\/wp\/v2\/tags?post=8708"}],"curies":[{"name":"wp","href":"https:\/\/api.w.org\/{rel}","templated":true}]}}