{"id":7773,"date":"2022-03-07T10:09:53","date_gmt":"2022-03-07T09:09:53","guid":{"rendered":"https:\/\/www.domaine-prairiesdelamer.com\/?p=7773"},"modified":"2024-06-10T15:24:17","modified_gmt":"2024-06-10T13:24:17","slug":"neue-farben-fur-den-campingplatz-les-prairies-de-la-mer","status":"publish","type":"post","link":"https:\/\/mirabel-prairiesdelamer.com\/de\/2022\/03\/07\/nouvelles-couleurs-pour-le-camping-les-prairies-de-la-mer\/","title":{"rendered":"Neue Farben f\u00fcr den Campingplatz Les Prairies de la Mer"},"content":{"rendered":"<p class=\"has-text-align-center\">Das gesamte Team der Prairies de la Mer freut sich, Ihnen seine brandneue Website vorzustellen!<br>Dynamischer, intuitiver und fl\u00fcssiger, k\u00f6nnen Sie dort alle praktischen Informationen finden:&nbsp;<strong><a href=\"https:\/\/mirabel-prairiesdelamer.com\/de\/camping-kontakt\/\">\u00d6ffnungszeiten der Rezeption<\/a><\/strong>, Die&nbsp;<strong><a href=\"https:\/\/mirabel-prairiesdelamer.com\/de\/haufig-gestellte-fragen\/\">Antworten auf Ihre Fragen<\/a><\/strong>, Die&nbsp;<strong><a href=\"https:\/\/mirabel-prairiesdelamer.com\/de\/verkauf-von-mobilheimen-normandie\/\">Kleinanzeigen<\/a><\/strong>, die\u2019<strong><a href=\"https:\/\/mirabel-prairiesdelamer.com\/de\/campingplatze-frankreich\/\">Geschichte des Familienkonzerns Mirabel<\/a><\/strong>...und verfolgen Sie unsere neuesten Nachrichten!<\/p>\n\n\n\n<div class=\"wp-block-media-text alignwide is-stacked-on-mobile\" style=\"grid-template-columns:40% auto\"><figure class=\"wp-block-media-text__media\"><img loading=\"lazy\" decoding=\"async\" width=\"500\" height=\"500\" src=\"https:\/\/mirabel-prairiesdelamer.com\/wp-content\/uploads\/2022\/03\/nouveau-site-web-Prairies-1.gif\" alt=\"website mirabel Meereswiesen\" class=\"wp-image-7778 size-full\"\/><\/figure><div class=\"wp-block-media-text__content\">\n<p class=\"texte-rond has-orange-color has-text-color has-large-font-size\">Wussten Sie schon?<\/p>\n\n\n\n<figure class=\"wp-block-image size-full\"><img loading=\"lazy\" decoding=\"async\" width=\"50\" height=\"8\" src=\"https:\/\/mirabel-prairiesdelamer.com\/wp-content\/uploads\/2024\/06\/barre-bleue.png\" alt=\"\" class=\"wp-image-14200\"\/><\/figure>\n\n\n\n<p>Seit 1996 wird der Campingplatz Les Prairies de la Mer verwaltet von&nbsp;<strong>die Familie Leneveu<\/strong>, der auch 7 weitere Campingpl\u00e4tze in der Bretagne und im Pays de la Loire besitzt. Um gemeinsame Werte f\u00fcr alle 8 Campingpl\u00e4tze zu b\u00fcndeln und zu verteidigen, wie z. B. Wohlwollen, Einfachheit, Authentizit\u00e4t und Aufrichtigkeit, wollten wir unseren Daseinszweck zum Ausdruck bringen und eine Markengruppe gr\u00fcnden.<\/p>\n\n\n\n<figure class=\"wp-block-image is-resized\"><img loading=\"lazy\" decoding=\"async\" width=\"490\" height=\"84\" src=\"https:\/\/www.campinglarenaudiere.com\/wp-content\/uploads\/2022\/01\/Vagues-1.png\" alt=\"\" class=\"wp-image-1952\" style=\"width:222px;height:37px\" srcset=\"https:\/\/mirabel-prairiesdelamer.com\/wp-content\/uploads\/2022\/01\/Vagues-1.png 490w, https:\/\/mirabel-prairiesdelamer.com\/wp-content\/uploads\/2022\/01\/Vagues-1-300x51.png 300w\" sizes=\"auto, (max-width: 490px) 100vw, 490px\" \/><\/figure>\n\n\n\n<p><br>Sie werden also bald Ihren Campingplatz Les Prairies de la Mer unter den Farben der Marke \u00ab\u00a0<strong>Mirabel<\/strong>\u00a0\u00bb.<\/p>\n\n\n\n<p>Abgesehen von der grafischen Gestaltung wird Ihr Campingplatz derselbe bleiben, ebenso sein Team und nat\u00fcrlich die Atmosph\u00e4re, die Sie jedes Jahr so gerne erleben.<br>Herzlich willkommen bei diesem sch\u00f6nen Familienabenteuer und bis bald!<\/p>\n<\/div><\/div>","protected":false},"excerpt":{"rendered":"<p>Toute l\u2019\u00e9quipe des Prairies de la Mer est heureuse de vous pr\u00e9senter son tout nouveau site internet !Plus dynamique, plus [&hellip;]<\/p>\n","protected":false},"author":2,"featured_media":7778,"comment_status":"open","ping_status":"open","sticky":false,"template":"","format":"standard","meta":{"_seopress_robots_primary_cat":"none","_seopress_titles_title":"Nouvelles couleurs pour le camping Les Prairies de la Mer","_seopress_titles_desc":"Toute l\u2019\u00e9quipe des Prairies de la Mer est heureuse de vous pr\u00e9senter son tout nouveau site internet !","_seopress_robots_index":"","footnotes":""},"categories":[1],"tags":[],"class_list":["post-7773","post","type-post","status-publish","format-standard","has-post-thumbnail","hentry","category-non-classifiee"],"_links":{"self":[{"href":"https:\/\/mirabel-prairiesdelamer.com\/de\/wp-json\/wp\/v2\/posts\/7773","targetHints":{"allow":["GET"]}}],"collection":[{"href":"https:\/\/mirabel-prairiesdelamer.com\/de\/wp-json\/wp\/v2\/posts"}],"about":[{"href":"https:\/\/mirabel-prairiesdelamer.com\/de\/wp-json\/wp\/v2\/types\/post"}],"author":[{"embeddable":true,"href":"https:\/\/mirabel-prairiesdelamer.com\/de\/wp-json\/wp\/v2\/users\/2"}],"replies":[{"embeddable":true,"href":"https:\/\/mirabel-prairiesdelamer.com\/de\/wp-json\/wp\/v2\/comments?post=7773"}],"version-history":[{"count":7,"href":"https:\/\/mirabel-prairiesdelamer.com\/de\/wp-json\/wp\/v2\/posts\/7773\/revisions"}],"predecessor-version":[{"id":14303,"href":"https:\/\/mirabel-prairiesdelamer.com\/de\/wp-json\/wp\/v2\/posts\/7773\/revisions\/14303"}],"wp:featuredmedia":[{"embeddable":true,"href":"https:\/\/mirabel-prairiesdelamer.com\/de\/wp-json\/wp\/v2\/media\/7778"}],"wp:attachment":[{"href":"https:\/\/mirabel-prairiesdelamer.com\/de\/wp-json\/wp\/v2\/media?parent=7773"}],"wp:term":[{"taxonomy":"category","embeddable":true,"href":"https:\/\/mirabel-prairiesdelamer.com\/de\/wp-json\/wp\/v2\/categories?post=7773"},{"taxonomy":"post_tag","embeddable":true,"href":"https:\/\/mirabel-prairiesdelamer.com\/de\/wp-json\/wp\/v2\/tags?post=7773"}],"curies":[{"name":"wp","href":"https:\/\/api.w.org\/{rel}","templated":true}]}}