{"id":14537,"date":"2024-09-23T15:04:58","date_gmt":"2024-09-23T13:04:58","guid":{"rendered":"https:\/\/mirabel-prairiesdelamer.com\/?p=14537"},"modified":"2024-09-26T15:50:18","modified_gmt":"2024-09-26T13:50:18","slug":"sonderangebot-oktoberferien","status":"publish","type":"post","link":"https:\/\/mirabel-prairiesdelamer.com\/de\/2024\/09\/23\/offre-speciale-vacances-doctobre\/","title":{"rendered":"Sonderangebot f\u00fcr die Oktoberferien!"},"content":{"rendered":"<h2 class=\"wp-block-heading has-text-align-center\">Verbringen Sie an Allerheiligen ein paar Tage Urlaub auf unserem 4-Sterne-Campingplatz. <\/h2>\n\n\n\n<p class=\"has-text-align-center\">Les Prairies de la Mer mit Pool in der Normandie in der N\u00e4he von Caen. Profitieren Sie auch von unserem aktuellen Sonderangebot : <strong>bis zu -20% Rabatt<\/strong> auf Ihren Aufenthalt.<\/p>\n\n\n\n<div class=\"wp-block-media-text is-stacked-on-mobile\"><figure class=\"wp-block-media-text__media\"><img loading=\"lazy\" decoding=\"async\" width=\"600\" height=\"400\" src=\"https:\/\/mirabel-prairiesdelamer.com\/wp-content\/uploads\/2024\/09\/mobil-home-location.jpg\" alt=\"mobilheim vermietung camping oktober\" class=\"wp-image-14542 size-full\" srcset=\"https:\/\/mirabel-prairiesdelamer.com\/wp-content\/uploads\/2024\/09\/mobil-home-location.jpg 600w, https:\/\/mirabel-prairiesdelamer.com\/wp-content\/uploads\/2024\/09\/mobil-home-location-300x200.jpg 300w\" sizes=\"auto, (max-width: 600px) 100vw, 600px\" \/><\/figure><div class=\"wp-block-media-text__content\">\n<h3 class=\"wp-block-heading\"><strong>Allerheiligenferien auf dem Campingplatz in der Normandie<\/strong><\/h3>\n\n\n\n<p>Unser<strong> Campingplatz Mirabel Les Prairies de la Mer<\/strong> empf\u00e4ngt Sie und Ihre Familie f\u00fcr <strong>Urlaub 100% Entspannung <a href=\"https:\/\/mirabel-prairiesdelamer.com\/de\/camping-ouistreham\/\" target=\"_blank\" rel=\"noreferrer noopener\">in Ouistreham<\/a><\/strong> in der N\u00e4he von Caen. Im Oktober und bis Allerheiligen k\u00f6nnen Sie ein Wochenende oder eine Woche in unseren <strong>neuere Bungalows <\/strong>und komplett ausgestattet. Von 1 bis 3 Zimmern mit \u00fcberdachter Terrasse werden Sie den Komfort unserer <a href=\"https:\/\/mirabel-prairiesdelamer.com\/de\/vermietung-mobilheime-normandie\/\" target=\"_blank\" rel=\"noreferrer noopener\">Mobilheime.<\/a>&nbsp; Die eingerichtete K\u00fcche und das ger\u00e4umige Wohn- und Esszimmer machen sie zu einem angenehmen Ort f\u00fcr <strong>Oktoberferien in der Normandie<\/strong>. Auf dem Campingplatz genie\u00dfen Sie die <strong>\u00fcberdachtes und beheiztes Schwimmbad<\/strong>, Die meisten Sch\u00fclerinnen und Sch\u00fcler sind in der Schule, auf dem Sportplatz oder in der Schule. <strong>der Spielplatz <\/strong>f\u00fcr Ihre Kinder.<\/p>\n<\/div><\/div>\n\n\n\n<p><\/p>\n\n\n\n<div class=\"wp-block-media-text has-media-on-the-right is-stacked-on-mobile\" id=\"halloween\"><div class=\"wp-block-media-text__content\">\n<h3 class=\"wp-block-heading\">Halloween-Animationen f\u00fcr Kinder auf dem Campingplatz <\/h3>\n\n\n\n<p>Genie\u00dfen Sie in den Allerheiligenferien die <strong>Halloween-Animationen<\/strong> speziell von unserem Team zusammengestellt <strong>f\u00fcr Ihre Kinder.<\/strong><\/p>\n\n\n\n<p><strong>Mittwoch, 23. und 30. Oktober <\/strong>: gruselige K\u00fcrbisdekoration! Wir treffen uns um 10 Uhr mit Juliette unter der Paillote zu einem kreativen Vormittag. Bringen Sie Ihren K\u00fcrbis mit, wir k\u00fcmmern uns um den Rest! Sie k\u00f6nnen nat\u00fcrlich auch verkleidet kommen, um Ihre Freunde zu erschrecken! <strong><em>Nach Anmeldung an der Rezeption des Campingplatzes, begrenzte Pl\u00e4tze!<\/em><\/strong><\/p>\n\n\n\n<p><strong>Bis Donnerstag, den 31. Oktober <\/strong>: Wettbewerb um die gruseligste Parzelle! Wir k\u00fcren das Mobilheim, das am besten in den Farben von Halloween dekoriert ist. Es gibt nur eine einzige Anforderung f\u00fcr den Wettbewerb: Es muss ein K\u00fcrbis in deiner Dekoration vorhanden sein. Es gibt einen Preis zu gewinnen! Ergebnis am Donnerstag, den 31. Oktober um 17 Uhr an der Rezeption!<\/p>\n\n\n\n<p><\/p>\n<\/div><figure class=\"wp-block-media-text__media\"><img loading=\"lazy\" decoding=\"async\" width=\"1024\" height=\"585\" src=\"https:\/\/mirabel-prairiesdelamer.com\/wp-content\/uploads\/2024\/09\/animation-halloween-enfant-camping-1024x585.jpg\" alt=\"\" class=\"wp-image-14565 size-full\" srcset=\"https:\/\/mirabel-prairiesdelamer.com\/wp-content\/uploads\/2024\/09\/animation-halloween-enfant-camping-1024x585.jpg 1024w, https:\/\/mirabel-prairiesdelamer.com\/wp-content\/uploads\/2024\/09\/animation-halloween-enfant-camping-300x171.jpg 300w, https:\/\/mirabel-prairiesdelamer.com\/wp-content\/uploads\/2024\/09\/animation-halloween-enfant-camping-768x439.jpg 768w, https:\/\/mirabel-prairiesdelamer.com\/wp-content\/uploads\/2024\/09\/animation-halloween-enfant-camping-1536x878.jpg 1536w, https:\/\/mirabel-prairiesdelamer.com\/wp-content\/uploads\/2024\/09\/animation-halloween-enfant-camping-2048x1170.jpg 2048w\" sizes=\"auto, (max-width: 1024px) 100vw, 1024px\" \/><\/figure><\/div>\n\n\n\n<p><\/p>\n\n\n\n<div class=\"wp-block-media-text is-stacked-on-mobile\"><figure class=\"wp-block-media-text__media\"><img loading=\"lazy\" decoding=\"async\" width=\"150\" height=\"150\" src=\"https:\/\/mirabel-prairiesdelamer.com\/wp-content\/uploads\/2022\/06\/promo-camping-octobre-2024-BD-150x150.jpg\" alt=\"sonderangebot toussaint promo\" class=\"wp-image-14548 size-full\"\/><\/figure><div class=\"wp-block-media-text__content\">\n<h3 class=\"wp-block-heading\"><strong>PROMO 2024: Oktoberferien zu reduzierten Preisen!<\/strong><\/h3>\n\n\n\n<p>Wir verw\u00f6hnen Sie gerne auf dem Campingplatz Mirabel Les Prairies de la Mer mit unserem <strong>Sonderangebot Oktoberferien<\/strong>. Genie\u00dfen Sie die Ruhe des Campingplatzes in der Nachsaison und profitieren Sie von einer <strong>Sonderrabatt<\/strong> auf Ihren Aufenthalt.<\/p>\n\n\n\n<ul class=\"wp-block-list\">\n<li>-15% f\u00fcr jede Buchung eines Mobilheims f\u00fcr 4 bis 6 N\u00e4chte<\/li>\n\n\n\n<li>-20% f\u00fcr Buchungen ab 7 N\u00e4chten.<\/li>\n<\/ul>\n\n\n\n<p>Jetzt ist wirklich die Zeit zu buchen <strong>Ihren n\u00e4chsten Familienurlaub in der Normandie.<\/strong><\/p>\n\n\n\n<div class=\"wp-block-buttons is-layout-flex wp-block-buttons-is-layout-flex\">\n<div class=\"wp-block-button\"><a class=\"wp-block-button__link has-orange-background-color has-background wp-element-button\" href=\"https:\/\/reservation.secureholiday.net\/FR\/3216\/search\/product-list?dateStart=&amp;dateEnd=&amp;_ga=2.60952684.1393243287.1727079296-1715013288.1716361010&amp;_gl=1%2a10uzhuv%2a_ga%2aMTcxNTAxMzI4OC4xNzE2MzYxMDEw%2a_ga_WS8LN4JN16%2aMTcyNzA4NTg1Ny42NS4xLjE3MjcwODYwNDIuMjcuMC4w%2a_ga_WNLMDCTM0L%2aMTcyNzA4NDA5OS42NS4xLjE3MjcwODYwNDIuMjcuMC4w&amp;filterStatus=showPeriod\" target=\"_blank\" rel=\"noreferrer noopener\">Ich genie\u00dfe es!<\/a><\/div>\n<\/div>\n<\/div><\/div>\n\n\n\n<p><\/p>\n\n\n\n<div class=\"wp-block-media-text has-media-on-the-right is-stacked-on-mobile\"><div class=\"wp-block-media-text__content\">\n<h3 class=\"wp-block-heading\"><strong>Idee f\u00fcr einen Familienausflug im Oktober in der Normandie<\/strong><\/h3>\n\n\n\n<ul class=\"wp-block-list\">\n<li>Sonntag, 6. Oktober: Rosa Marsch der C\u00f4te de Nacre von Ouistreham aus<\/li>\n\n\n\n<li>11. und 12. Oktober: F\u00eate de la Science in Caen mit vielen Aktivit\u00e4ten f\u00fcr die ganze Familie.<\/li>\n\n\n\n<li>Wochenende vom 19. bis 20. Oktober: F\u00eate de la Coquille (Muschelfest) in Ouistreham. Ausstellung, Konzert, Verkauf von Meeresfr\u00fcchten, Besuch des Leuchtturms von Ouistreham und viele weitere Veranstaltungen stehen auf dem Programm.<\/li>\n\n\n\n<li>Samstag, 19. Oktober: Wing-Foil-Wettbewerb von 13:30 bis 17:30 Uhr<\/li>\n<\/ul>\n\n\n\n<p><a href=\"https:\/\/www.caenlamer-tourisme.fr\/evenements-et-manifestations\/tout-lagenda\/\" target=\"_blank\" rel=\"noreferrer noopener\">Die gesamte Agenda des Fremdenverkehrsamtes finden Sie gleich hier <\/a><\/p>\n<\/div><figure class=\"wp-block-media-text__media\"><img loading=\"lazy\" decoding=\"async\" width=\"1024\" height=\"683\" src=\"https:\/\/mirabel-prairiesdelamer.com\/wp-content\/uploads\/2022\/02\/balade-velo-caen--1024x683.jpg\" alt=\"Fahrradtour in Caen\" class=\"wp-image-5514 size-full\" srcset=\"https:\/\/mirabel-prairiesdelamer.com\/wp-content\/uploads\/2022\/02\/balade-velo-caen--1024x683.jpg 1024w, https:\/\/mirabel-prairiesdelamer.com\/wp-content\/uploads\/2022\/02\/balade-velo-caen--300x200.jpg 300w, https:\/\/mirabel-prairiesdelamer.com\/wp-content\/uploads\/2022\/02\/balade-velo-caen--768x512.jpg 768w, https:\/\/mirabel-prairiesdelamer.com\/wp-content\/uploads\/2022\/02\/balade-velo-caen--1536x1025.jpg 1536w, https:\/\/mirabel-prairiesdelamer.com\/wp-content\/uploads\/2022\/02\/balade-velo-caen-.jpg 1920w\" sizes=\"auto, (max-width: 1024px) 100vw, 1024px\" \/><\/figure><\/div>","protected":false},"excerpt":{"rendered":"<p>Venez passer quelques jours de vacances \u00e0 la Toussaint dans notre Camping 4 \u00e9toiles Les Prairies de la Mer avec [&hellip;]<\/p>\n","protected":false},"author":2,"featured_media":14552,"comment_status":"closed","ping_status":"open","sticky":false,"template":"","format":"standard","meta":{"_seopress_robots_primary_cat":"none","_seopress_titles_title":"Vacances de la Toussaint en camping en Normandie - Mirabel","_seopress_titles_desc":"Les Prairies de la Mer est ouvert pendant les vacances de la Toussaint. R\u00e9servez vos prochaines vacances hors saison et profitez de r\u00e9ductions.","_seopress_robots_index":"","footnotes":""},"categories":[1],"tags":[],"class_list":["post-14537","post","type-post","status-publish","format-standard","has-post-thumbnail","hentry","category-non-classifiee"],"_links":{"self":[{"href":"https:\/\/mirabel-prairiesdelamer.com\/de\/wp-json\/wp\/v2\/posts\/14537","targetHints":{"allow":["GET"]}}],"collection":[{"href":"https:\/\/mirabel-prairiesdelamer.com\/de\/wp-json\/wp\/v2\/posts"}],"about":[{"href":"https:\/\/mirabel-prairiesdelamer.com\/de\/wp-json\/wp\/v2\/types\/post"}],"author":[{"embeddable":true,"href":"https:\/\/mirabel-prairiesdelamer.com\/de\/wp-json\/wp\/v2\/users\/2"}],"replies":[{"embeddable":true,"href":"https:\/\/mirabel-prairiesdelamer.com\/de\/wp-json\/wp\/v2\/comments?post=14537"}],"version-history":[{"count":17,"href":"https:\/\/mirabel-prairiesdelamer.com\/de\/wp-json\/wp\/v2\/posts\/14537\/revisions"}],"predecessor-version":[{"id":14574,"href":"https:\/\/mirabel-prairiesdelamer.com\/de\/wp-json\/wp\/v2\/posts\/14537\/revisions\/14574"}],"wp:featuredmedia":[{"embeddable":true,"href":"https:\/\/mirabel-prairiesdelamer.com\/de\/wp-json\/wp\/v2\/media\/14552"}],"wp:attachment":[{"href":"https:\/\/mirabel-prairiesdelamer.com\/de\/wp-json\/wp\/v2\/media?parent=14537"}],"wp:term":[{"taxonomy":"category","embeddable":true,"href":"https:\/\/mirabel-prairiesdelamer.com\/de\/wp-json\/wp\/v2\/categories?post=14537"},{"taxonomy":"post_tag","embeddable":true,"href":"https:\/\/mirabel-prairiesdelamer.com\/de\/wp-json\/wp\/v2\/tags?post=14537"}],"curies":[{"name":"wp","href":"https:\/\/api.w.org\/{rel}","templated":true}]}}