{"id":11765,"date":"2023-07-17T15:50:52","date_gmt":"2023-07-17T13:50:52","guid":{"rendered":"https:\/\/www.domaine-prairiesdelamer.com\/?p=11765"},"modified":"2023-07-17T16:26:13","modified_gmt":"2023-07-17T14:26:13","slug":"defis-mirabel-inter-camping-les-animations-mirabel-au-camping-les-prairies-de-la-mer","status":"publish","type":"post","link":"https:\/\/mirabel-prairiesdelamer.com\/de\/2023\/07\/17\/defis-mirabel-inter-camping-les-animations-mirabel-au-camping-les-prairies-de-la-mer\/","title":{"rendered":"Mirabel Camping-Herausforderungen \u2013 Mirabel-Unterhaltung auf dem Campingplatz Les Prairies de la Mer!"},"content":{"rendered":"<h2 class=\"wp-block-heading has-text-align-center\">Gemeinsamer Abend, Mottotag, Video-Challenge \u2013 der Sommer ist auf all unseren Mirabel Campingpl\u00e4tzen voller Leben. Kommen Sie im Juli und August mit unseren Animateuren zum Spa\u00df. <\/h2>\n\n\n\n<div class=\"wp-block-media-text alignwide is-stacked-on-mobile\" style=\"grid-template-columns:27% auto\"><figure class=\"wp-block-media-text__media\"><img loading=\"lazy\" decoding=\"async\" width=\"724\" height=\"1024\" src=\"https:\/\/www.mirabel-prairiesdelamer.com\/wp-content\/uploads\/2023\/07\/WEB-Journee-deguisee-26juillet-724x1024.jpg\" alt=\"Superhelden-Kost\u00fcm-Tag am Mittwoch, 26. Juli\" class=\"wp-image-11768 size-full\" srcset=\"https:\/\/mirabel-prairiesdelamer.com\/wp-content\/uploads\/2023\/07\/WEB-Journee-deguisee-26juillet-724x1024.jpg 724w, https:\/\/mirabel-prairiesdelamer.com\/wp-content\/uploads\/2023\/07\/WEB-Journee-deguisee-26juillet-212x300.jpg 212w, https:\/\/mirabel-prairiesdelamer.com\/wp-content\/uploads\/2023\/07\/WEB-Journee-deguisee-26juillet-768x1086.jpg 768w, https:\/\/mirabel-prairiesdelamer.com\/wp-content\/uploads\/2023\/07\/WEB-Journee-deguisee-26juillet-1086x1536.jpg 1086w, https:\/\/mirabel-prairiesdelamer.com\/wp-content\/uploads\/2023\/07\/WEB-Journee-deguisee-26juillet.jpg 1200w\" sizes=\"auto, (max-width: 724px) 100vw, 724px\" \/><\/figure><div class=\"wp-block-media-text__content\">\n<h3 class=\"wp-block-heading\">Gro\u00dfer Verkleidungstag am Mittwoch, 26. Juli<\/h3>\n\n\n\n<p>An die Kost\u00fcme! <strong>Mittwoch, 26. Juli <\/strong>als n\u00e4chstes ist es eine<strong> Grosser Kost\u00fcmball auf dem Campingplatz Mirabel Les Prairies de la Mer.<\/strong> Klein und gro\u00df, Betreuer, Campingteam, alle sind eingeladen, sich f\u00fcr diesen gro\u00dfen, farbenfrohen Tag zu verwandeln. <strong>Das Thema dieses Jahres<\/strong> Superhelden gegen Superschurken. <\/p>\n\n\n\n<p>Herausforderungen, Paraden, Geschenke inklusive ... das ist DER GROSSE SOMMER-TREFF bei Mirabel Campings &amp; R\u00e9sidences. Vergessen Sie Ihren Badeanzug nicht in den Koffer, Sie sind gewarnt!<\/p>\n<\/div><\/div>\n\n\n\n<div class=\"wp-block-media-text alignwide has-media-on-the-right is-stacked-on-mobile\" style=\"grid-template-columns:auto 31%\"><div class=\"wp-block-media-text__content\">\n<h3 class=\"wp-block-heading\">Umsetzung des Sommerclips auf dem Campingplatz<\/h3>\n\n\n\n<p><strong>Bis zum 15. August<\/strong>, mit dem Animationsteam, schaffen Sie das <strong>Videoclip von den Prairies de la Mer<\/strong> und lassen Sie Ihren Lieblings-Campingplatz in diesem Sommerwettbewerb gewinnen, bei dem all unsere animationsreichen 4-Sterne-Campingpl\u00e4tze gegeneinander antreten. Gesang, Choreografie, Sketch \u2013 Sie m\u00fcssen DIE z\u00fcndende Idee f\u00fcr den besten Mirabel-Clip 2023 finden. Wenn Sie ein verborgenes Talent haben, ein Instrument spielen, bringen Sie es in Ihrem Reisegep\u00e4ck mit.<\/p>\n<\/div><figure class=\"wp-block-media-text__media\"><img loading=\"lazy\" decoding=\"async\" width=\"724\" height=\"1024\" src=\"https:\/\/www.mirabel-prairiesdelamer.com\/wp-content\/uploads\/2023\/07\/Challenge-clip-video-2023-724x1024.jpg\" alt=\"Sommerclip-Video-Campingplatz-Herausforderung\" class=\"wp-image-11771 size-full\" srcset=\"https:\/\/mirabel-prairiesdelamer.com\/wp-content\/uploads\/2023\/07\/Challenge-clip-video-2023-724x1024.jpg 724w, https:\/\/mirabel-prairiesdelamer.com\/wp-content\/uploads\/2023\/07\/Challenge-clip-video-2023-212x300.jpg 212w, https:\/\/mirabel-prairiesdelamer.com\/wp-content\/uploads\/2023\/07\/Challenge-clip-video-2023-768x1087.jpg 768w, https:\/\/mirabel-prairiesdelamer.com\/wp-content\/uploads\/2023\/07\/Challenge-clip-video-2023.jpg 800w\" sizes=\"auto, (max-width: 724px) 100vw, 724px\" \/><\/figure><\/div>","protected":false},"excerpt":{"rendered":"<p>Soir\u00e9e commune, journ\u00e9e d\u00e9guis\u00e9e, d\u00e9fi vid\u00e9o, l&rsquo;\u00e9t\u00e9 est anim\u00e9 dans tous nos Campings Mirabel. Venez vous \u00e9clater en juillet et [&hellip;]<\/p>\n","protected":false},"author":2,"featured_media":11768,"comment_status":"open","ping_status":"open","sticky":false,"template":"","format":"standard","meta":{"_seopress_robots_primary_cat":"none","_seopress_titles_title":"D\u00e9fi inter-camping Mirabel - Animations et cadeaux de l&#039;\u00e9t\u00e9 2023","_seopress_titles_desc":"Participez aux temps forts de l&#039;\u00e9t\u00e9 aux Prairies de la Mer avec la journ\u00e9e d\u00e9guis\u00e9e et le tournage du clip vid\u00e9o de l&#039;\u00e9t\u00e9 ! ","_seopress_robots_index":"","footnotes":""},"categories":[1],"tags":[],"class_list":["post-11765","post","type-post","status-publish","format-standard","has-post-thumbnail","hentry","category-non-classifiee"],"_links":{"self":[{"href":"https:\/\/mirabel-prairiesdelamer.com\/de\/wp-json\/wp\/v2\/posts\/11765","targetHints":{"allow":["GET"]}}],"collection":[{"href":"https:\/\/mirabel-prairiesdelamer.com\/de\/wp-json\/wp\/v2\/posts"}],"about":[{"href":"https:\/\/mirabel-prairiesdelamer.com\/de\/wp-json\/wp\/v2\/types\/post"}],"author":[{"embeddable":true,"href":"https:\/\/mirabel-prairiesdelamer.com\/de\/wp-json\/wp\/v2\/users\/2"}],"replies":[{"embeddable":true,"href":"https:\/\/mirabel-prairiesdelamer.com\/de\/wp-json\/wp\/v2\/comments?post=11765"}],"version-history":[{"count":4,"href":"https:\/\/mirabel-prairiesdelamer.com\/de\/wp-json\/wp\/v2\/posts\/11765\/revisions"}],"predecessor-version":[{"id":11777,"href":"https:\/\/mirabel-prairiesdelamer.com\/de\/wp-json\/wp\/v2\/posts\/11765\/revisions\/11777"}],"wp:featuredmedia":[{"embeddable":true,"href":"https:\/\/mirabel-prairiesdelamer.com\/de\/wp-json\/wp\/v2\/media\/11768"}],"wp:attachment":[{"href":"https:\/\/mirabel-prairiesdelamer.com\/de\/wp-json\/wp\/v2\/media?parent=11765"}],"wp:term":[{"taxonomy":"category","embeddable":true,"href":"https:\/\/mirabel-prairiesdelamer.com\/de\/wp-json\/wp\/v2\/categories?post=11765"},{"taxonomy":"post_tag","embeddable":true,"href":"https:\/\/mirabel-prairiesdelamer.com\/de\/wp-json\/wp\/v2\/tags?post=11765"}],"curies":[{"name":"wp","href":"https:\/\/api.w.org\/{rel}","templated":true}]}}