{"id":11210,"date":"2023-03-24T12:32:56","date_gmt":"2023-03-24T11:32:56","guid":{"rendered":"https:\/\/www.domaine-prairiesdelamer.com\/?p=11210"},"modified":"2024-06-10T15:20:52","modified_gmt":"2024-06-10T13:20:52","slug":"wiedereroffnung-des-campingplatzes-zur-vermietung","status":"publish","type":"post","link":"https:\/\/mirabel-prairiesdelamer.com\/de\/2023\/03\/24\/reouverture-du-camping-a-la-location\/","title":{"rendered":"Wiederer\u00f6ffnung des Campingplatzes zur Vermietung"},"content":{"rendered":"<div class=\"wp-block-media-text alignwide has-media-on-the-right is-stacked-on-mobile\"><div class=\"wp-block-media-text__content\">\n<h2 class=\"wp-block-heading\">J \u2013 15 bis zur Wiederer\u00f6ffnung f\u00fcr Vermietungen<\/h2>\n\n\n\n<p>Freunde des Urlaubs, das Wiedersehen r\u00fcckt n\u00e4her! Wir treffen uns<strong>am 7. April <\/strong>in Ihrem Lieblingscampingplatz in Ouistreham f\u00fcr neue Gl\u00fccksmomente zum Teilen!<\/p>\n\n\n\n<p>In der Zwischenzeit geben unsere Teams Vollgas <strong>um Ihr zuk\u00fcnftiges Mobilheim vorzubereiten,<\/strong> und <strong>den Campingplatz zum Strahlen bringen<\/strong>. Der Pool wird bei Ihrer Ankunft geheizt, damit Sie ihn sofort genie\u00dfen k\u00f6nnen. Gl\u00fccklich, nicht wahr?!<\/p>\n\n\n\n<p>Uns wird ins Ohr gefl\u00fcstert, dass Sie Ihren Aufenthalt noch nicht gebucht haben! Keine Panik, es ist noch Zeit, das nachzuholen, um zu genie\u00dfen <strong>lange Wochenenden<\/strong> und <strong>Osternferien<\/strong> die in gro\u00dfen Schritten n\u00e4her r\u00fccken! (Kommendes Programm)<\/p>\n\n\n\n<h2 class=\"wp-block-heading texte-rond has-orange-color has-text-color has-large-font-size\">Unsere Mobilheime zu vermieten<\/h2>\n\n\n\n<p>In Paaren oder zu mehreren, unsere <strong><a href=\"https:\/\/mirabel-prairiesdelamer.com\/de\/vermietung-mobilheime-normandie\/\" target=\"_blank\" rel=\"noreferrer noopener\">Ferienwohnungen<\/a><\/strong> entsprechen zwangsl\u00e4ufig Ihren Bed\u00fcrfnissen. Auf unserer <strong>4-Sterne-Campingplatz<\/strong> Les Prairies de la Mer, Sie k\u00f6nnen eine Unterkunft mieten, die Platz f\u00fcr <strong>bis zu 6 Personen<\/strong>. Daher besitzen wir <strong>Mobilheime mit 1 bis 3 Schlafzimmern<\/strong> mit Schr\u00e4nken f\u00fcr Ihren Komfort, separates Bad und WC, ein Wohnraum mit Ecke<strong> Einbauk\u00fcche <\/strong>et ein kurzer Aufenthalt mit einem <strong>Sofa und ein Fernseher<\/strong>. Au\u00dfenbereich, wo Sie genie\u00dfen k\u00f6nnen <strong>die Terrasse und ihre Gartenm\u00f6bel<\/strong> F\u00fcr Ihr Fr\u00fchst\u00fcck!<\/p>\n\n\n\n<p><strong>Also, wann sehen wir uns?<\/strong><\/p>\n\n\n\n<p><\/p>\n\n\n\n<div class=\"wp-block-buttons is-layout-flex wp-block-buttons-is-layout-flex\">\n<div class=\"wp-block-button\"><a class=\"wp-block-button__link has-orange-background-color has-background wp-element-button\" href=\"https:\/\/bookingpremium.secureholiday.net\/FR\/3216\/search\/product-list?dateStart=&amp;dateEnd=&amp;_ga=2.63921903.1772421735.1679652884-1995892261.1678454393&amp;_gl=1%2amkco7n%2a_ga%2aMTk5NTg5MjI2MS4xNjc4NDU0Mzkz%2a_ga_WNLMDCTM0L%2aMTY3OTY1NTI1My4xNC4xLjE2Nzk2NTY3MzAuMC4wLjA.&amp;filterStatus=showPeriod\" target=\"_blank\" rel=\"noreferrer noopener\"><strong>Ich reserviere<\/strong><\/a><\/div>\n<\/div>\n<\/div><figure class=\"wp-block-media-text__media\"><img loading=\"lazy\" decoding=\"async\" width=\"1000\" height=\"1000\" src=\"https:\/\/mirabel-prairiesdelamer.com\/wp-content\/uploads\/2023\/03\/ouverture-camping-PDM.jpg\" alt=\"Wiederer\u00f6ffnung des Campingplatzes f\u00fcr Vermietungen\" class=\"wp-image-11213 size-full\" srcset=\"https:\/\/mirabel-prairiesdelamer.com\/wp-content\/uploads\/2023\/03\/ouverture-camping-PDM.jpg 1000w, https:\/\/mirabel-prairiesdelamer.com\/wp-content\/uploads\/2023\/03\/ouverture-camping-PDM-300x300.jpg 300w, https:\/\/mirabel-prairiesdelamer.com\/wp-content\/uploads\/2023\/03\/ouverture-camping-PDM-150x150.jpg 150w, https:\/\/mirabel-prairiesdelamer.com\/wp-content\/uploads\/2023\/03\/ouverture-camping-PDM-768x768.jpg 768w\" sizes=\"auto, (max-width: 1000px) 100vw, 1000px\" \/><\/figure><\/div>","protected":false},"excerpt":{"rendered":"","protected":false},"author":2,"featured_media":11213,"comment_status":"open","ping_status":"open","sticky":false,"template":"","format":"standard","meta":{"_seopress_robots_primary_cat":"none","_seopress_titles_title":"R\u00e9ouverture du camping Les prairies de la Mer le 7 avril","_seopress_titles_desc":"Notre camping 4 \u00e9toiles \u00e0 Ouistreham en Normandie rouvre ses portes pour nos vacanciers en mobil-homes \u00e0 partir du 7 avril prochain.","_seopress_robots_index":"","footnotes":""},"categories":[1],"tags":[],"class_list":["post-11210","post","type-post","status-publish","format-standard","has-post-thumbnail","hentry","category-non-classifiee"],"_links":{"self":[{"href":"https:\/\/mirabel-prairiesdelamer.com\/de\/wp-json\/wp\/v2\/posts\/11210","targetHints":{"allow":["GET"]}}],"collection":[{"href":"https:\/\/mirabel-prairiesdelamer.com\/de\/wp-json\/wp\/v2\/posts"}],"about":[{"href":"https:\/\/mirabel-prairiesdelamer.com\/de\/wp-json\/wp\/v2\/types\/post"}],"author":[{"embeddable":true,"href":"https:\/\/mirabel-prairiesdelamer.com\/de\/wp-json\/wp\/v2\/users\/2"}],"replies":[{"embeddable":true,"href":"https:\/\/mirabel-prairiesdelamer.com\/de\/wp-json\/wp\/v2\/comments?post=11210"}],"version-history":[{"count":9,"href":"https:\/\/mirabel-prairiesdelamer.com\/de\/wp-json\/wp\/v2\/posts\/11210\/revisions"}],"predecessor-version":[{"id":14299,"href":"https:\/\/mirabel-prairiesdelamer.com\/de\/wp-json\/wp\/v2\/posts\/11210\/revisions\/14299"}],"wp:featuredmedia":[{"embeddable":true,"href":"https:\/\/mirabel-prairiesdelamer.com\/de\/wp-json\/wp\/v2\/media\/11213"}],"wp:attachment":[{"href":"https:\/\/mirabel-prairiesdelamer.com\/de\/wp-json\/wp\/v2\/media?parent=11210"}],"wp:term":[{"taxonomy":"category","embeddable":true,"href":"https:\/\/mirabel-prairiesdelamer.com\/de\/wp-json\/wp\/v2\/categories?post=11210"},{"taxonomy":"post_tag","embeddable":true,"href":"https:\/\/mirabel-prairiesdelamer.com\/de\/wp-json\/wp\/v2\/tags?post=11210"}],"curies":[{"name":"wp","href":"https:\/\/api.w.org\/{rel}","templated":true}]}}