{"id":11122,"date":"2023-03-08T09:00:00","date_gmt":"2023-03-08T08:00:00","guid":{"rendered":"https:\/\/www.domaine-prairiesdelamer.com\/?p=11122"},"modified":"2024-06-10T15:21:07","modified_gmt":"2024-06-10T13:21:07","slug":"7-tage-vor-der-wiedereroffnung","status":"publish","type":"post","link":"https:\/\/mirabel-prairiesdelamer.com\/de\/2023\/03\/08\/j-7-avant-la-reouverture\/","title":{"rendered":"7 Tage bis zur Wiederer\u00f6ffnung!"},"content":{"rendered":"<div class=\"wp-block-media-text alignwide is-stacked-on-mobile\"><figure class=\"wp-block-media-text__media\"><img loading=\"lazy\" decoding=\"async\" width=\"700\" height=\"700\" src=\"https:\/\/mirabel-prairiesdelamer.com\/wp-content\/uploads\/2023\/03\/maison-vacances-prairies.jpg\" alt=\"wiederer\u00f6ffnung camping ouistreham normandie\" class=\"wp-image-11128 size-full\" srcset=\"https:\/\/mirabel-prairiesdelamer.com\/wp-content\/uploads\/2023\/03\/maison-vacances-prairies.jpg 700w, https:\/\/mirabel-prairiesdelamer.com\/wp-content\/uploads\/2023\/03\/maison-vacances-prairies-300x300.jpg 300w, https:\/\/mirabel-prairiesdelamer.com\/wp-content\/uploads\/2023\/03\/maison-vacances-prairies-150x150.jpg 150w\" sizes=\"auto, (max-width: 700px) 100vw, 700px\" \/><\/figure><div class=\"wp-block-media-text__content\">\n<h2 class=\"wp-block-heading texte-rond has-orange-color has-text-color has-large-font-size\">Nur noch eine Woche, bis wir uns wiedersehen<\/h2>\n\n\n\n<p><strong>Der 15. M\u00e4rz <\/strong>r\u00fcckt n\u00e4her, und damit auch unser Wiedersehen! W\u00e4hrend des gesamten Winters haben sich unsere technischen Teams um Ihren Lieblingscampingplatz gek\u00fcmmert, um Ihnen den bestm\u00f6glichen Empfang zu bereiten.<\/p>\n\n\n\n<p>Sie werden Ihr kleines Ferienhaus wiederfinden und <strong>neue Erinnerungen mit Ihren Lieben teilen<\/strong>, Freunde, Kinder oder Enkelkinder. Wir freuen uns darauf, Sie wieder auf den G\u00e4ngen des Campingplatzes, an der Rezeption oder am Pool zu treffen. <\/p>\n\n\n\n<h2 class=\"wp-block-heading\">Und wenn auch Sie Eigent\u00fcmer werden?<\/h2>\n\n\n\n<p>F\u00fcr diejenigen, die noch nicht das Gl\u00fcck haben, Camping genie\u00dfen zu k\u00f6nnen <strong>8 Monate des Jahres<\/strong>, wisse, dass es nie zu sp\u00e4t ist. Wage den Schritt und <strong>Kaufen Sie Ihr eigenes Mobilheim<\/strong> In unserem 4-Sterne-Campingplatz in Ouistreham Riva-Bella, 500 m vom Strand entfernt. So k\u00f6nnen Sie Ihren Raum nach Belieben gestalten und Ihr Haus nach Ihrem Geschmack dekorieren, um sich wie zu Hause zu f\u00fchlen, mit der Familie. <\/p>\n\n\n\n<p>Um alles zu erfahren, besuchen Sie unseren Bereich <strong>\u00ab\u00a0<a href=\"https:\/\/mirabel-prairiesdelamer.com\/de\/zweitwohnsitz-ouistreham\/\">Eigentum erwerben<\/a>\u00ab\u00a0<\/strong> oder kontaktieren Sie Jean-Philippe an der Rezeption des Campingplatzes.<\/p>\n<\/div><\/div>","protected":false},"excerpt":{"rendered":"<p>Plus qu&rsquo;une semaine avant de vous retrouver Le 15 mars approche \u00e0 grand pas, et nos retrouvailles par la m\u00eame [&hellip;]<\/p>\n","protected":false},"author":2,"featured_media":11128,"comment_status":"open","ping_status":"open","sticky":false,"template":"","format":"standard","meta":{"_seopress_robots_primary_cat":"none","_seopress_titles_title":"J-7 avant la r\u00e9ouverture des Prairies de la Mer aux r\u00e9sidents","_seopress_titles_desc":"Le 15 mars 2023, notre camping 4 \u00e9toiles \u00e0 Ouistreham rouvre ses portes aux propri\u00e9taires de mobil-homes qui pourront profiter du camping avec tout le monde","_seopress_robots_index":"","footnotes":""},"categories":[1],"tags":[],"class_list":["post-11122","post","type-post","status-publish","format-standard","has-post-thumbnail","hentry","category-non-classifiee"],"_links":{"self":[{"href":"https:\/\/mirabel-prairiesdelamer.com\/de\/wp-json\/wp\/v2\/posts\/11122","targetHints":{"allow":["GET"]}}],"collection":[{"href":"https:\/\/mirabel-prairiesdelamer.com\/de\/wp-json\/wp\/v2\/posts"}],"about":[{"href":"https:\/\/mirabel-prairiesdelamer.com\/de\/wp-json\/wp\/v2\/types\/post"}],"author":[{"embeddable":true,"href":"https:\/\/mirabel-prairiesdelamer.com\/de\/wp-json\/wp\/v2\/users\/2"}],"replies":[{"embeddable":true,"href":"https:\/\/mirabel-prairiesdelamer.com\/de\/wp-json\/wp\/v2\/comments?post=11122"}],"version-history":[{"count":4,"href":"https:\/\/mirabel-prairiesdelamer.com\/de\/wp-json\/wp\/v2\/posts\/11122\/revisions"}],"predecessor-version":[{"id":14300,"href":"https:\/\/mirabel-prairiesdelamer.com\/de\/wp-json\/wp\/v2\/posts\/11122\/revisions\/14300"}],"wp:featuredmedia":[{"embeddable":true,"href":"https:\/\/mirabel-prairiesdelamer.com\/de\/wp-json\/wp\/v2\/media\/11128"}],"wp:attachment":[{"href":"https:\/\/mirabel-prairiesdelamer.com\/de\/wp-json\/wp\/v2\/media?parent=11122"}],"wp:term":[{"taxonomy":"category","embeddable":true,"href":"https:\/\/mirabel-prairiesdelamer.com\/de\/wp-json\/wp\/v2\/categories?post=11122"},{"taxonomy":"post_tag","embeddable":true,"href":"https:\/\/mirabel-prairiesdelamer.com\/de\/wp-json\/wp\/v2\/tags?post=11122"}],"curies":[{"name":"wp","href":"https:\/\/api.w.org\/{rel}","templated":true}]}}